{"id":1521,"date":"2020-12-23T15:02:27","date_gmt":"2020-12-23T14:02:27","guid":{"rendered":"http:\/\/www.randocabane.fr\/?p=1521"},"modified":"2021-04-28T09:56:52","modified_gmt":"2021-04-28T07:56:52","slug":"randonnee-de-nantes-a-clisson-avec-randocabane","status":"publish","type":"post","link":"https:\/\/www.randocabane.fr\/index.php\/2020\/12\/23\/randonnee-de-nantes-a-clisson-avec-randocabane\/","title":{"rendered":"Randonn\u00e9e de Nantes \u00e0 Clisson avec RandoCabane"},"content":{"rendered":"\n<h3 class=\"wp-block-heading\">L\u2019exp\u00e9rience RandoCabane vue par : la famille P\u00e9pin<\/h3>\n\n\n\n<div class=\"wp-block-media-text alignwide has-media-on-the-right is-stacked-on-mobile\" style=\"grid-template-columns:auto 34%\"><figure class=\"wp-block-media-text__media\"><img loading=\"lazy\" decoding=\"async\" width=\"600\" height=\"600\" src=\"https:\/\/www.randocabane.fr\/wp-content\/uploads\/2020\/12\/Randonneurs-Nantes-et-Vignoble.jpg\" alt=\"Randonn\u00e9e p\u00e9destres - Randonn\u00e9e de Nantes \u00e0 Clisson\" class=\"wp-image-1535 size-full\" srcset=\"https:\/\/www.randocabane.fr\/wp-content\/uploads\/2020\/12\/Randonneurs-Nantes-et-Vignoble.jpg 600w, https:\/\/www.randocabane.fr\/wp-content\/uploads\/2020\/12\/Randonneurs-Nantes-et-Vignoble-300x300.jpg 300w, https:\/\/www.randocabane.fr\/wp-content\/uploads\/2020\/12\/Randonneurs-Nantes-et-Vignoble-150x150.jpg 150w\" sizes=\"auto, (max-width: 600px) 100vw, 600px\" \/><\/figure><div class=\"wp-block-media-text__content\">\n<p><strong>Oscar<\/strong> et <strong>Juliette<\/strong>, les parents de<strong> Pomme<\/strong> (11 ans) d\u00e9cident de profiter de l\u2019arriv\u00e9e du mois de mai pour quitter Paris et se mettre au vert le temps d\u2019un week-end.<\/p>\n\n\n\n<p>Ils d\u00e9couvrent <strong>RandoCabane<\/strong> sur internet : les prestations propos\u00e9es conviennent \u00e0 leurs attentes. Du cano\u00eb et de la nature pour Pomme, la d\u00e9couverte d\u2019un vignoble pour Oscar (amateur de bons vins) et de la randonn\u00e9e pour Juliette.<\/p>\n\n\n\n<p>Ils d\u00e9cident donc de partir dans le <strong>Pays Nantais<\/strong> et de contacter <strong>Franck<\/strong> pour l\u2019organisation d\u2019un weekend sur mesure ! Pomme nous raconte :<\/p>\n<\/div><\/div>\n\n\n\n<div class=\"wp-block-media-text alignwide is-stacked-on-mobile\" style=\"grid-template-columns:32% auto\"><figure class=\"wp-block-media-text__media\"><img loading=\"lazy\" decoding=\"async\" width=\"600\" height=\"600\" src=\"http:\/\/www.randocabane.fr\/wp-content\/uploads\/2020\/12\/Balisage-GR-de-Pays-V3.jpg\" alt=\"Balisage randonn\u00e9e \" class=\"wp-image-1528 size-full\" srcset=\"https:\/\/www.randocabane.fr\/wp-content\/uploads\/2020\/12\/Balisage-GR-de-Pays-V3.jpg 600w, https:\/\/www.randocabane.fr\/wp-content\/uploads\/2020\/12\/Balisage-GR-de-Pays-V3-300x300.jpg 300w, https:\/\/www.randocabane.fr\/wp-content\/uploads\/2020\/12\/Balisage-GR-de-Pays-V3-150x150.jpg 150w\" sizes=\"auto, (max-width: 600px) 100vw, 600px\" \/><\/figure><div class=\"wp-block-media-text__content\">\n<p><em>\u201cNous avons quitt\u00e9 Paris pour 3 jours dans le <strong>Vignoble de Nantes<\/strong> ! Waouh ! \u00c0 notre arriv\u00e9e, je suis impressionn\u00e9e par les grands arbres magiques de la nouvelle gare, le week-end commence bien. Direction le d\u00e9part du chemin de randonn\u00e9e, 15 mn de tram et nous voici au bord de la <strong>S\u00e8vre Nantaise<\/strong>.&nbsp;<\/em><\/p>\n\n\n\n<p><em>C\u2019est parti pour la randonn\u00e9e via le <strong>GR de Pays<\/strong> avec des balises en Rouge et Jaune que nous devons suivre. Nous avons fait une pause \u00e0 la <strong>Chauss\u00e9e des Moines<\/strong> : c\u2019est tr\u00e8s joli et je me suis bien amus\u00e9e car il y a des jeux pour enfants.&nbsp;<\/em><\/p>\n<\/div><\/div>\n\n\n\n<div class=\"wp-block-media-text alignwide has-media-on-the-right is-stacked-on-mobile\" style=\"grid-template-columns:auto 33%\"><figure class=\"wp-block-media-text__media\"><img loading=\"lazy\" decoding=\"async\" width=\"600\" height=\"600\" src=\"https:\/\/www.randocabane.fr\/wp-content\/uploads\/2020\/12\/Canoe-sur-la-Sevre-Nantaise.jpg\" alt=\"Cano\u00eb - Randonn\u00e9e de Nantes \u00e0 Clisson\" class=\"wp-image-1532 size-full\" srcset=\"https:\/\/www.randocabane.fr\/wp-content\/uploads\/2020\/12\/Canoe-sur-la-Sevre-Nantaise.jpg 600w, https:\/\/www.randocabane.fr\/wp-content\/uploads\/2020\/12\/Canoe-sur-la-Sevre-Nantaise-300x300.jpg 300w, https:\/\/www.randocabane.fr\/wp-content\/uploads\/2020\/12\/Canoe-sur-la-Sevre-Nantaise-150x150.jpg 150w\" sizes=\"auto, (max-width: 600px) 100vw, 600px\" \/><\/figure><div class=\"wp-block-media-text__content\">\n<p><em>Ensuite, nous avons continu\u00e9 la balade et sommes arriv\u00e9s \u00e0 la location de cano\u00ebs. Avec papa, nous sommes partis en cano\u00eb jusqu\u2019\u00e0 <strong>St Fiacre sur Maine<\/strong>. Et maman a long\u00e9 la S\u00e8vre \u00e0 pieds pour nous retrouver&nbsp;pour un Pique-nique au bord de la Maine. Papa&nbsp;a appr\u00e9ci\u00e9 le <strong>Muscadet S\u00e8vre et Maine<\/strong>.<\/em><\/p>\n\n\n\n<p><em>L\u2019apr\u00e8s-midi nous avions rendez-vous au <strong>Ch\u00e2teau du Coing<\/strong> pour une visite de cave et d\u00e9gustations. Papa \u00e9tait ravi de d\u00e9guster de bons vins ! J\u2019en ai profit\u00e9 pour jouer \u00e0 la princesse devant le ch\u00e2teau.&nbsp;<\/em><\/p>\n<\/div><\/div>\n\n\n\n<div class=\"wp-block-media-text alignwide is-stacked-on-mobile\" style=\"grid-template-columns:36% auto\"><figure class=\"wp-block-media-text__media\"><img loading=\"lazy\" decoding=\"async\" width=\"600\" height=\"600\" src=\"https:\/\/www.randocabane.fr\/wp-content\/uploads\/2020\/12\/RandoCabane-La-Cabane.jpg\" alt=\"Nuit en cabane\" class=\"wp-image-1533 size-full\" srcset=\"https:\/\/www.randocabane.fr\/wp-content\/uploads\/2020\/12\/RandoCabane-La-Cabane.jpg 600w, https:\/\/www.randocabane.fr\/wp-content\/uploads\/2020\/12\/RandoCabane-La-Cabane-300x300.jpg 300w, https:\/\/www.randocabane.fr\/wp-content\/uploads\/2020\/12\/RandoCabane-La-Cabane-150x150.jpg 150w\" sizes=\"auto, (max-width: 600px) 100vw, 600px\" \/><\/figure><div class=\"wp-block-media-text__content\">\n<p><em>La randonn\u00e9e s\u2019est termin\u00e9e par le village de Saint Fiacre o\u00f9&nbsp; nous avons r\u00e9cup\u00e9r\u00e9 des grillades et de la salade pour le repas du soir \u00e0 <strong>l\u2019Entrec\u00f4te des Vignes<\/strong>.<\/em><\/p>\n\n\n\n<p><em>Le soir, Franck nous a r\u00e9serv\u00e9 une nuit pour dormir dans une cabane dans les coteaux ! C\u2019est super, nous allons dormir tous les 3 dans la nature.<\/em><\/p>\n\n\n\n<p><em>La cabane se trouve au village de la <strong>P\u00e9ti\u00e8re<\/strong>. C\u2019est rigolo, dans les vignes, il y a une statue Grenouille : on a pris plein de photos avec elle. Franck nous attend \u00e0 la cabane pour nous accueillir avec un ap\u00e9ritif.<\/em><\/p>\n\n\n\n<p><em>Apr\u00e8s la douche : repos et d\u00e9tente. Papa a fait un barbecue et avant de dormir, nous avons admir\u00e9 les \u00e9toiles, c\u2019\u00e9tait trop bien ! J\u2019ai bien dormi.<\/em><\/p>\n<\/div><\/div>\n\n\n\n<div class=\"wp-block-media-text alignwide has-media-on-the-right is-stacked-on-mobile\" style=\"grid-template-columns:auto 38%\"><figure class=\"wp-block-media-text__media\"><img loading=\"lazy\" decoding=\"async\" width=\"600\" height=\"600\" src=\"https:\/\/www.randocabane.fr\/wp-content\/uploads\/2020\/12\/clisson-pont-de-la-vallee.jpg\" alt=\"Visite de Clisson - Randonn\u00e9e de Nantes \u00e0 Clisson\" class=\"wp-image-1530 size-full\" srcset=\"https:\/\/www.randocabane.fr\/wp-content\/uploads\/2020\/12\/clisson-pont-de-la-vallee.jpg 600w, https:\/\/www.randocabane.fr\/wp-content\/uploads\/2020\/12\/clisson-pont-de-la-vallee-300x300.jpg 300w, https:\/\/www.randocabane.fr\/wp-content\/uploads\/2020\/12\/clisson-pont-de-la-vallee-150x150.jpg 150w\" sizes=\"auto, (max-width: 600px) 100vw, 600px\" \/><\/figure><div class=\"wp-block-media-text__content\">\n<p><em>Le lendemain, apr\u00e8s un bon petit-d\u00e9jeuner dehors. Franck nous accompagne pour 2h00 de randonn\u00e9e comment\u00e9e. Il nous a racont\u00e9 plein d\u2019histoires sur le <\/em>v<em>ignoble, la vigne, la vie des habitants&#8230;<\/em><\/p>\n\n\n\n<p><em>J\u2019ai d\u00e9couvert la commune de <strong>Monni\u00e8res<\/strong> : il y a plein de jolis moulins. Le midi, nous avons pique-niqu\u00e9 au moulin de la Mini\u00e8re dans les vignes cultiv\u00e9es en Bio. Papa a aussi achet\u00e9 du vin au <strong>Domaine M\u00e9nard-Gaborit<\/strong> : il a dit que leur cru communal \u00e9tait excellent !<\/em><\/p>\n\n\n\n<p><em>Ensuite, nous sommes partis \u00e0 <strong>Clisson<\/strong>, c\u2019est la ville qui ressemble un peu \u00e0 l\u2019Italie et o\u00f9 il y a le Hellfest. Nous avons visit\u00e9 les parcs et la ville et nous avons mang\u00e9 dans un tr\u00e8s bon restaurant pr\u00e8s de la rivi\u00e8re. Maman a vraiment ador\u00e9 ce repas.&nbsp;<\/em><\/p>\n<\/div><\/div>\n\n\n\n<p><em>L\u2019apr\u00e8s-midi, nous avons pris le Tram-train pour aller \u00e0 Nantes et reprendre le TGV pour Paris. Je me suis endormie et j\u2019ai r\u00eav\u00e9 de revenir pour un autre weekend. J\u2019ai ador\u00e9 !\u201d<\/em><\/p>\n\n\n\n<div class=\"wp-block-image\"><figure class=\"aligncenter size-large is-resized\"><img loading=\"lazy\" decoding=\"async\" src=\"https:\/\/www.randocabane.fr\/wp-content\/uploads\/2020\/12\/Pomme_11ans.jpg\" alt=\"Pomme - Famille p\u00e9pin\" class=\"wp-image-1541\" width=\"237\" height=\"237\" srcset=\"https:\/\/www.randocabane.fr\/wp-content\/uploads\/2020\/12\/Pomme_11ans.jpg 620w, https:\/\/www.randocabane.fr\/wp-content\/uploads\/2020\/12\/Pomme_11ans-300x300.jpg 300w, https:\/\/www.randocabane.fr\/wp-content\/uploads\/2020\/12\/Pomme_11ans-150x150.jpg 150w\" sizes=\"auto, (max-width: 237px) 100vw, 237px\" \/><\/figure><\/div>\n\n\n\n<h3 class=\"wp-block-heading\">La randonn\u00e9e de Nantes \u00e0 Clisson de la famille P\u00e9pin :<\/h3>\n\n\n\n<ul class=\"wp-block-list\"><li>Un week-end en famille,<\/li><li>Dur\u00e9e 3 jours,<\/li><li>2 nuits en Cabane et petit-d\u00e9jeuner,<\/li><li>Visite de 2 Domaines viticoles,<\/li><li>8 km de Cano\u00eb, 25 km de randonn\u00e9e \u00e0 pieds, modulable suivant le niveau,<\/li><li>Tarifs nous consulter, de nombreuses options seront propos\u00e9es.<\/li><\/ul>\n\n\n\n<p><\/p>\n\n\n\n<h4 class=\"has-text-align-center wp-block-heading\">Si vous aussi vous souhaitez partir en randonn\u00e9e de Nantes \u00e0 Clisson comme la Famille P\u00e9pin <a href=\"https:\/\/www.randocabane.fr\/#contact\">contactez-nous<\/a> !<\/h4>\n","protected":false},"excerpt":{"rendered":"<p>L\u2019exp\u00e9rience RandoCabane vue par : la famille P\u00e9pin Oscar et Juliette, les parents de Pomme (11 ans) d\u00e9cident de profiter de l\u2019arriv\u00e9e du mois de mai pour quitter Paris et &#8230;<\/p>\n","protected":false},"author":2,"featured_media":1547,"comment_status":"closed","ping_status":"closed","sticky":false,"template":"","format":"standard","meta":{"footnotes":""},"categories":[32,31],"tags":[],"class_list":["post-1521","post","type-post","status-publish","format-standard","has-post-thumbnail","hentry","category-nouvelles","category-retours-dexperiences"],"yoast_head":"<!-- This site is optimized with the Yoast SEO plugin v26.4 - https:\/\/yoast.com\/wordpress\/plugins\/seo\/ -->\n<title>Randonn\u00e9e de Nantes \u00e0 Clisson avec RandoCabane - Randocabane<\/title>\n<meta name=\"description\" content=\"D\u00e9couvrez la famille P\u00e9pin, ils partent en randonn\u00e9e de Nantes \u00e0 Clisson avec RandoCabane, pour un moment d&#039;\u00e9vasion en famille.\" \/>\n<meta name=\"robots\" content=\"index, follow, max-snippet:-1, max-image-preview:large, max-video-preview:-1\" \/>\n<link rel=\"canonical\" href=\"https:\/\/www.randocabane.fr\/index.php\/2020\/12\/23\/randonnee-de-nantes-a-clisson-avec-randocabane\/\" \/>\n<meta property=\"og:locale\" content=\"fr_FR\" \/>\n<meta property=\"og:type\" content=\"article\" \/>\n<meta property=\"og:title\" content=\"Randonn\u00e9e de Nantes \u00e0 Clisson avec RandoCabane - Randocabane\" \/>\n<meta property=\"og:description\" content=\"D\u00e9couvrez la famille P\u00e9pin, ils partent en randonn\u00e9e de Nantes \u00e0 Clisson avec RandoCabane, pour un moment d&#039;\u00e9vasion en famille.\" \/>\n<meta property=\"og:url\" content=\"https:\/\/www.randocabane.fr\/index.php\/2020\/12\/23\/randonnee-de-nantes-a-clisson-avec-randocabane\/\" \/>\n<meta property=\"og:site_name\" content=\"Randocabane\" \/>\n<meta property=\"article:published_time\" content=\"2020-12-23T14:02:27+00:00\" \/>\n<meta property=\"article:modified_time\" content=\"2021-04-28T07:56:52+00:00\" \/>\n<meta property=\"og:image\" content=\"https:\/\/www.randocabane.fr\/wp-content\/uploads\/2020\/12\/Pomme_11ans-randonnee.jpg\" \/>\n\t<meta property=\"og:image:width\" content=\"616\" \/>\n\t<meta property=\"og:image:height\" content=\"348\" \/>\n\t<meta property=\"og:image:type\" content=\"image\/jpeg\" \/>\n<meta name=\"author\" content=\"Franck Pasquier\" \/>\n<meta name=\"twitter:card\" content=\"summary_large_image\" \/>\n<meta name=\"twitter:label1\" content=\"\u00c9crit par\" \/>\n\t<meta name=\"twitter:data1\" content=\"Franck Pasquier\" \/>\n\t<meta name=\"twitter:label2\" content=\"Dur\u00e9e de lecture estim\u00e9e\" \/>\n\t<meta name=\"twitter:data2\" content=\"4 minutes\" \/>\n<script type=\"application\/ld+json\" class=\"yoast-schema-graph\">{\"@context\":\"https:\/\/schema.org\",\"@graph\":[{\"@type\":\"Article\",\"@id\":\"https:\/\/www.randocabane.fr\/index.php\/2020\/12\/23\/randonnee-de-nantes-a-clisson-avec-randocabane\/#article\",\"isPartOf\":{\"@id\":\"https:\/\/www.randocabane.fr\/index.php\/2020\/12\/23\/randonnee-de-nantes-a-clisson-avec-randocabane\/\"},\"author\":{\"name\":\"Franck Pasquier\",\"@id\":\"https:\/\/www.randocabane.fr\/#\/schema\/person\/8a1da96c4e7bcd540ea090592ccb28df\"},\"headline\":\"Randonn\u00e9e de Nantes \u00e0 Clisson avec RandoCabane\",\"datePublished\":\"2020-12-23T14:02:27+00:00\",\"dateModified\":\"2021-04-28T07:56:52+00:00\",\"mainEntityOfPage\":{\"@id\":\"https:\/\/www.randocabane.fr\/index.php\/2020\/12\/23\/randonnee-de-nantes-a-clisson-avec-randocabane\/\"},\"wordCount\":703,\"publisher\":{\"@id\":\"https:\/\/www.randocabane.fr\/#organization\"},\"image\":{\"@id\":\"https:\/\/www.randocabane.fr\/index.php\/2020\/12\/23\/randonnee-de-nantes-a-clisson-avec-randocabane\/#primaryimage\"},\"thumbnailUrl\":\"https:\/\/www.randocabane.fr\/wp-content\/uploads\/2020\/12\/Pomme_11ans-randonnee.jpg\",\"articleSection\":[\"Nouvelles\",\"Retours d'exp\u00e9riences\"],\"inLanguage\":\"fr-FR\"},{\"@type\":\"WebPage\",\"@id\":\"https:\/\/www.randocabane.fr\/index.php\/2020\/12\/23\/randonnee-de-nantes-a-clisson-avec-randocabane\/\",\"url\":\"https:\/\/www.randocabane.fr\/index.php\/2020\/12\/23\/randonnee-de-nantes-a-clisson-avec-randocabane\/\",\"name\":\"Randonn\u00e9e de Nantes \u00e0 Clisson avec RandoCabane - Randocabane\",\"isPartOf\":{\"@id\":\"https:\/\/www.randocabane.fr\/#website\"},\"primaryImageOfPage\":{\"@id\":\"https:\/\/www.randocabane.fr\/index.php\/2020\/12\/23\/randonnee-de-nantes-a-clisson-avec-randocabane\/#primaryimage\"},\"image\":{\"@id\":\"https:\/\/www.randocabane.fr\/index.php\/2020\/12\/23\/randonnee-de-nantes-a-clisson-avec-randocabane\/#primaryimage\"},\"thumbnailUrl\":\"https:\/\/www.randocabane.fr\/wp-content\/uploads\/2020\/12\/Pomme_11ans-randonnee.jpg\",\"datePublished\":\"2020-12-23T14:02:27+00:00\",\"dateModified\":\"2021-04-28T07:56:52+00:00\",\"description\":\"D\u00e9couvrez la famille P\u00e9pin, ils partent en randonn\u00e9e de Nantes \u00e0 Clisson avec RandoCabane, pour un moment d'\u00e9vasion en famille.\",\"breadcrumb\":{\"@id\":\"https:\/\/www.randocabane.fr\/index.php\/2020\/12\/23\/randonnee-de-nantes-a-clisson-avec-randocabane\/#breadcrumb\"},\"inLanguage\":\"fr-FR\",\"potentialAction\":[{\"@type\":\"ReadAction\",\"target\":[\"https:\/\/www.randocabane.fr\/index.php\/2020\/12\/23\/randonnee-de-nantes-a-clisson-avec-randocabane\/\"]}]},{\"@type\":\"ImageObject\",\"inLanguage\":\"fr-FR\",\"@id\":\"https:\/\/www.randocabane.fr\/index.php\/2020\/12\/23\/randonnee-de-nantes-a-clisson-avec-randocabane\/#primaryimage\",\"url\":\"https:\/\/www.randocabane.fr\/wp-content\/uploads\/2020\/12\/Pomme_11ans-randonnee.jpg\",\"contentUrl\":\"https:\/\/www.randocabane.fr\/wp-content\/uploads\/2020\/12\/Pomme_11ans-randonnee.jpg\",\"width\":616,\"height\":348},{\"@type\":\"BreadcrumbList\",\"@id\":\"https:\/\/www.randocabane.fr\/index.php\/2020\/12\/23\/randonnee-de-nantes-a-clisson-avec-randocabane\/#breadcrumb\",\"itemListElement\":[{\"@type\":\"ListItem\",\"position\":1,\"name\":\"Accueil\",\"item\":\"https:\/\/www.randocabane.fr\/\"},{\"@type\":\"ListItem\",\"position\":2,\"name\":\"Randonn\u00e9e de Nantes \u00e0 Clisson avec RandoCabane\"}]},{\"@type\":\"WebSite\",\"@id\":\"https:\/\/www.randocabane.fr\/#website\",\"url\":\"https:\/\/www.randocabane.fr\/\",\"name\":\"Randocabane\",\"description\":\"De cabane en cabane\",\"publisher\":{\"@id\":\"https:\/\/www.randocabane.fr\/#organization\"},\"potentialAction\":[{\"@type\":\"SearchAction\",\"target\":{\"@type\":\"EntryPoint\",\"urlTemplate\":\"https:\/\/www.randocabane.fr\/?s={search_term_string}\"},\"query-input\":{\"@type\":\"PropertyValueSpecification\",\"valueRequired\":true,\"valueName\":\"search_term_string\"}}],\"inLanguage\":\"fr-FR\"},{\"@type\":\"Organization\",\"@id\":\"https:\/\/www.randocabane.fr\/#organization\",\"name\":\"Randocabane\",\"url\":\"https:\/\/www.randocabane.fr\/\",\"logo\":{\"@type\":\"ImageObject\",\"inLanguage\":\"fr-FR\",\"@id\":\"https:\/\/www.randocabane.fr\/#\/schema\/logo\/image\/\",\"url\":\"https:\/\/www.randocabane.fr\/wp-content\/uploads\/2020\/12\/cropped-logo-randocabane-500.jpg\",\"contentUrl\":\"https:\/\/www.randocabane.fr\/wp-content\/uploads\/2020\/12\/cropped-logo-randocabane-500.jpg\",\"width\":500,\"height\":335,\"caption\":\"Randocabane\"},\"image\":{\"@id\":\"https:\/\/www.randocabane.fr\/#\/schema\/logo\/image\/\"}},{\"@type\":\"Person\",\"@id\":\"https:\/\/www.randocabane.fr\/#\/schema\/person\/8a1da96c4e7bcd540ea090592ccb28df\",\"name\":\"Franck Pasquier\",\"image\":{\"@type\":\"ImageObject\",\"inLanguage\":\"fr-FR\",\"@id\":\"https:\/\/www.randocabane.fr\/#\/schema\/person\/image\/\",\"url\":\"https:\/\/secure.gravatar.com\/avatar\/4bcdc1b473ccf0e6a0138ffc175d5ace?s=96&d=mm&r=g\",\"contentUrl\":\"https:\/\/secure.gravatar.com\/avatar\/4bcdc1b473ccf0e6a0138ffc175d5ace?s=96&d=mm&r=g\",\"caption\":\"Franck Pasquier\"},\"url\":\"https:\/\/www.randocabane.fr\/index.php\/author\/fpasquier\/\"}]}<\/script>\n<!-- \/ Yoast SEO plugin. -->","yoast_head_json":{"title":"Randonn\u00e9e de Nantes \u00e0 Clisson avec RandoCabane - Randocabane","description":"D\u00e9couvrez la famille P\u00e9pin, ils partent en randonn\u00e9e de Nantes \u00e0 Clisson avec RandoCabane, pour un moment d'\u00e9vasion en famille.","robots":{"index":"index","follow":"follow","max-snippet":"max-snippet:-1","max-image-preview":"max-image-preview:large","max-video-preview":"max-video-preview:-1"},"canonical":"https:\/\/www.randocabane.fr\/index.php\/2020\/12\/23\/randonnee-de-nantes-a-clisson-avec-randocabane\/","og_locale":"fr_FR","og_type":"article","og_title":"Randonn\u00e9e de Nantes \u00e0 Clisson avec RandoCabane - Randocabane","og_description":"D\u00e9couvrez la famille P\u00e9pin, ils partent en randonn\u00e9e de Nantes \u00e0 Clisson avec RandoCabane, pour un moment d'\u00e9vasion en famille.","og_url":"https:\/\/www.randocabane.fr\/index.php\/2020\/12\/23\/randonnee-de-nantes-a-clisson-avec-randocabane\/","og_site_name":"Randocabane","article_published_time":"2020-12-23T14:02:27+00:00","article_modified_time":"2021-04-28T07:56:52+00:00","og_image":[{"width":616,"height":348,"url":"https:\/\/www.randocabane.fr\/wp-content\/uploads\/2020\/12\/Pomme_11ans-randonnee.jpg","type":"image\/jpeg"}],"author":"Franck Pasquier","twitter_card":"summary_large_image","twitter_misc":{"\u00c9crit par":"Franck Pasquier","Dur\u00e9e de lecture estim\u00e9e":"4 minutes"},"schema":{"@context":"https:\/\/schema.org","@graph":[{"@type":"Article","@id":"https:\/\/www.randocabane.fr\/index.php\/2020\/12\/23\/randonnee-de-nantes-a-clisson-avec-randocabane\/#article","isPartOf":{"@id":"https:\/\/www.randocabane.fr\/index.php\/2020\/12\/23\/randonnee-de-nantes-a-clisson-avec-randocabane\/"},"author":{"name":"Franck Pasquier","@id":"https:\/\/www.randocabane.fr\/#\/schema\/person\/8a1da96c4e7bcd540ea090592ccb28df"},"headline":"Randonn\u00e9e de Nantes \u00e0 Clisson avec RandoCabane","datePublished":"2020-12-23T14:02:27+00:00","dateModified":"2021-04-28T07:56:52+00:00","mainEntityOfPage":{"@id":"https:\/\/www.randocabane.fr\/index.php\/2020\/12\/23\/randonnee-de-nantes-a-clisson-avec-randocabane\/"},"wordCount":703,"publisher":{"@id":"https:\/\/www.randocabane.fr\/#organization"},"image":{"@id":"https:\/\/www.randocabane.fr\/index.php\/2020\/12\/23\/randonnee-de-nantes-a-clisson-avec-randocabane\/#primaryimage"},"thumbnailUrl":"https:\/\/www.randocabane.fr\/wp-content\/uploads\/2020\/12\/Pomme_11ans-randonnee.jpg","articleSection":["Nouvelles","Retours d'exp\u00e9riences"],"inLanguage":"fr-FR"},{"@type":"WebPage","@id":"https:\/\/www.randocabane.fr\/index.php\/2020\/12\/23\/randonnee-de-nantes-a-clisson-avec-randocabane\/","url":"https:\/\/www.randocabane.fr\/index.php\/2020\/12\/23\/randonnee-de-nantes-a-clisson-avec-randocabane\/","name":"Randonn\u00e9e de Nantes \u00e0 Clisson avec RandoCabane - Randocabane","isPartOf":{"@id":"https:\/\/www.randocabane.fr\/#website"},"primaryImageOfPage":{"@id":"https:\/\/www.randocabane.fr\/index.php\/2020\/12\/23\/randonnee-de-nantes-a-clisson-avec-randocabane\/#primaryimage"},"image":{"@id":"https:\/\/www.randocabane.fr\/index.php\/2020\/12\/23\/randonnee-de-nantes-a-clisson-avec-randocabane\/#primaryimage"},"thumbnailUrl":"https:\/\/www.randocabane.fr\/wp-content\/uploads\/2020\/12\/Pomme_11ans-randonnee.jpg","datePublished":"2020-12-23T14:02:27+00:00","dateModified":"2021-04-28T07:56:52+00:00","description":"D\u00e9couvrez la famille P\u00e9pin, ils partent en randonn\u00e9e de Nantes \u00e0 Clisson avec RandoCabane, pour un moment d'\u00e9vasion en famille.","breadcrumb":{"@id":"https:\/\/www.randocabane.fr\/index.php\/2020\/12\/23\/randonnee-de-nantes-a-clisson-avec-randocabane\/#breadcrumb"},"inLanguage":"fr-FR","potentialAction":[{"@type":"ReadAction","target":["https:\/\/www.randocabane.fr\/index.php\/2020\/12\/23\/randonnee-de-nantes-a-clisson-avec-randocabane\/"]}]},{"@type":"ImageObject","inLanguage":"fr-FR","@id":"https:\/\/www.randocabane.fr\/index.php\/2020\/12\/23\/randonnee-de-nantes-a-clisson-avec-randocabane\/#primaryimage","url":"https:\/\/www.randocabane.fr\/wp-content\/uploads\/2020\/12\/Pomme_11ans-randonnee.jpg","contentUrl":"https:\/\/www.randocabane.fr\/wp-content\/uploads\/2020\/12\/Pomme_11ans-randonnee.jpg","width":616,"height":348},{"@type":"BreadcrumbList","@id":"https:\/\/www.randocabane.fr\/index.php\/2020\/12\/23\/randonnee-de-nantes-a-clisson-avec-randocabane\/#breadcrumb","itemListElement":[{"@type":"ListItem","position":1,"name":"Accueil","item":"https:\/\/www.randocabane.fr\/"},{"@type":"ListItem","position":2,"name":"Randonn\u00e9e de Nantes \u00e0 Clisson avec RandoCabane"}]},{"@type":"WebSite","@id":"https:\/\/www.randocabane.fr\/#website","url":"https:\/\/www.randocabane.fr\/","name":"Randocabane","description":"De cabane en cabane","publisher":{"@id":"https:\/\/www.randocabane.fr\/#organization"},"potentialAction":[{"@type":"SearchAction","target":{"@type":"EntryPoint","urlTemplate":"https:\/\/www.randocabane.fr\/?s={search_term_string}"},"query-input":{"@type":"PropertyValueSpecification","valueRequired":true,"valueName":"search_term_string"}}],"inLanguage":"fr-FR"},{"@type":"Organization","@id":"https:\/\/www.randocabane.fr\/#organization","name":"Randocabane","url":"https:\/\/www.randocabane.fr\/","logo":{"@type":"ImageObject","inLanguage":"fr-FR","@id":"https:\/\/www.randocabane.fr\/#\/schema\/logo\/image\/","url":"https:\/\/www.randocabane.fr\/wp-content\/uploads\/2020\/12\/cropped-logo-randocabane-500.jpg","contentUrl":"https:\/\/www.randocabane.fr\/wp-content\/uploads\/2020\/12\/cropped-logo-randocabane-500.jpg","width":500,"height":335,"caption":"Randocabane"},"image":{"@id":"https:\/\/www.randocabane.fr\/#\/schema\/logo\/image\/"}},{"@type":"Person","@id":"https:\/\/www.randocabane.fr\/#\/schema\/person\/8a1da96c4e7bcd540ea090592ccb28df","name":"Franck Pasquier","image":{"@type":"ImageObject","inLanguage":"fr-FR","@id":"https:\/\/www.randocabane.fr\/#\/schema\/person\/image\/","url":"https:\/\/secure.gravatar.com\/avatar\/4bcdc1b473ccf0e6a0138ffc175d5ace?s=96&d=mm&r=g","contentUrl":"https:\/\/secure.gravatar.com\/avatar\/4bcdc1b473ccf0e6a0138ffc175d5ace?s=96&d=mm&r=g","caption":"Franck Pasquier"},"url":"https:\/\/www.randocabane.fr\/index.php\/author\/fpasquier\/"}]}},"_links":{"self":[{"href":"https:\/\/www.randocabane.fr\/index.php\/wp-json\/wp\/v2\/posts\/1521","targetHints":{"allow":["GET"]}}],"collection":[{"href":"https:\/\/www.randocabane.fr\/index.php\/wp-json\/wp\/v2\/posts"}],"about":[{"href":"https:\/\/www.randocabane.fr\/index.php\/wp-json\/wp\/v2\/types\/post"}],"author":[{"embeddable":true,"href":"https:\/\/www.randocabane.fr\/index.php\/wp-json\/wp\/v2\/users\/2"}],"replies":[{"embeddable":true,"href":"https:\/\/www.randocabane.fr\/index.php\/wp-json\/wp\/v2\/comments?post=1521"}],"version-history":[{"count":16,"href":"https:\/\/www.randocabane.fr\/index.php\/wp-json\/wp\/v2\/posts\/1521\/revisions"}],"predecessor-version":[{"id":2074,"href":"https:\/\/www.randocabane.fr\/index.php\/wp-json\/wp\/v2\/posts\/1521\/revisions\/2074"}],"wp:featuredmedia":[{"embeddable":true,"href":"https:\/\/www.randocabane.fr\/index.php\/wp-json\/wp\/v2\/media\/1547"}],"wp:attachment":[{"href":"https:\/\/www.randocabane.fr\/index.php\/wp-json\/wp\/v2\/media?parent=1521"}],"wp:term":[{"taxonomy":"category","embeddable":true,"href":"https:\/\/www.randocabane.fr\/index.php\/wp-json\/wp\/v2\/categories?post=1521"},{"taxonomy":"post_tag","embeddable":true,"href":"https:\/\/www.randocabane.fr\/index.php\/wp-json\/wp\/v2\/tags?post=1521"}],"curies":[{"name":"wp","href":"https:\/\/api.w.org\/{rel}","templated":true}]}}