{"id":1869,"date":"2021-03-19T09:18:01","date_gmt":"2021-03-19T08:18:01","guid":{"rendered":"http:\/\/www.randocabane.fr\/?p=1869"},"modified":"2021-04-28T09:58:24","modified_gmt":"2021-04-28T07:58:24","slug":"un-week-end-a-velo-avec-randocabane","status":"publish","type":"post","link":"https:\/\/www.randocabane.fr\/index.php\/2021\/03\/19\/un-week-end-a-velo-avec-randocabane\/","title":{"rendered":"Un week-end \u00e0 v\u00e9lo avec RandoCabane"},"content":{"rendered":"\n<h2 class=\"wp-block-heading\">L&#8217;exp\u00e9rience RandoCabane vue par Aur\u00e9lie et Fabien, jeune couple nantais.<\/h2>\n\n\n\n<h3 class=\"wp-block-heading\">La matin\u00e9e<\/h3>\n\n\n\n<div class=\"wp-block-media-text alignwide is-stacked-on-mobile\" style=\"grid-template-columns:29% auto\"><figure class=\"wp-block-media-text__media\"><img loading=\"lazy\" decoding=\"async\" width=\"500\" height=\"500\" src=\"http:\/\/www.randocabane.fr\/wp-content\/uploads\/2021\/03\/1.png\" alt=\"v\u00e9lo\" class=\"wp-image-1909 size-full\" srcset=\"https:\/\/www.randocabane.fr\/wp-content\/uploads\/2021\/03\/1.png 500w, https:\/\/www.randocabane.fr\/wp-content\/uploads\/2021\/03\/1-300x300.png 300w, https:\/\/www.randocabane.fr\/wp-content\/uploads\/2021\/03\/1-150x150.png 150w\" sizes=\"auto, (max-width: 500px) 100vw, 500px\" \/><\/figure><div class=\"wp-block-media-text__content\">\n<p><strong>Aur\u00e9lie<\/strong> et <strong>Fabien<\/strong> veulent s&#8217;octroyer, un week-end au vert pour profiter des rayons du soleil \u00e0 v\u00e9lo.<\/p>\n\n\n\n<p>Ils ont d\u00e9couvert le concept <strong>RandoCabane<\/strong> sur les r\u00e9seaux sociaux et d\u00e9cident de r\u00e9server une cabane sur Clisson. Ils nous racontent.<\/p>\n\n\n\n<p><em>&#8221; N&#8217;ayant pas de v\u00e9los nous avons pris la d\u00e9cision d&#8217;en louer sur Nantes. Nous avions rep\u00e9r\u00e9 <strong>les partenaires<\/strong> de RandoCabane, nous avons choisi <a href=\"https:\/\/www.bikentour.com\/\" target=\"_blank\" rel=\"noreferrer noopener\">Bike&#8217;n tour<\/a> qui propose de la location de v\u00e9los et VAE. Le jour du d\u00e9part nous r\u00e9cup\u00e9rons les v\u00e9los, \u00e0 proximit\u00e9 de la tour de Bretagne.<\/em>&#8220;<\/p>\n<\/div><\/div>\n\n\n\n<div class=\"wp-block-media-text alignwide has-media-on-the-right is-stacked-on-mobile\" style=\"grid-template-columns:auto 27%\"><figure class=\"wp-block-media-text__media\"><img loading=\"lazy\" decoding=\"async\" width=\"847\" height=\"721\" src=\"https:\/\/www.randocabane.fr\/wp-content\/uploads\/2021\/03\/pigeon-vol.png\" alt=\"\" class=\"wp-image-1991 size-full\" srcset=\"https:\/\/www.randocabane.fr\/wp-content\/uploads\/2021\/03\/pigeon-vol.png 847w, https:\/\/www.randocabane.fr\/wp-content\/uploads\/2021\/03\/pigeon-vol-300x255.png 300w, https:\/\/www.randocabane.fr\/wp-content\/uploads\/2021\/03\/pigeon-vol-768x654.png 768w\" sizes=\"auto, (max-width: 847px) 100vw, 847px\" \/><\/figure><div class=\"wp-block-media-text__content\">\n<p><em>&#8220;Au d\u00e9part du centre de Nantes nous avons suivi l&#8217;itin\u00e9raire de <strong>la Loire \u00e0 v\u00e9lo<\/strong> jusqu&#8217;au pont de Bellevue. Pour notre premi\u00e8re \u00e9tape, nous nous sommes arr\u00eat\u00e9s au <strong>marais de Goulaine.<\/strong> Passionn\u00e9s de photographie, nous en avons profit\u00e9 pour prendre de magnifiques photos de la faune et la flore. Nous y avons crois\u00e9s de nombreux oiseaux. <\/em><\/p>\n\n\n\n<p><em>Nous avons poursuivi avec la d\u00e9couverte du joli <strong>moulin du P\u00e9<\/strong> situ\u00e9 au Loroux-Bottereau. Nous sommes mont\u00e9s pour admirer les champs de vignes qui s&#8217;\u00e9tendent \u00e0 perte de vue. La vue est surprenante : nous nous sommes amus\u00e9s \u00e0 identifier les plus hauts monuments de Nantes ! Apr\u00e8s une photo souvenir nous avons repris la route direction Le Landreau.&#8221;<\/em><\/p>\n<\/div><\/div>\n\n\n\n<p><\/p>\n\n\n\n<div class=\"wp-block-media-text alignwide is-stacked-on-mobile\" style=\"grid-template-columns:26% auto\"><figure class=\"wp-block-media-text__media\"><img loading=\"lazy\" decoding=\"async\" width=\"779\" height=\"652\" src=\"https:\/\/www.randocabane.fr\/wp-content\/uploads\/2021\/03\/Sans-titre-5.png\" alt=\"\" class=\"wp-image-1993 size-full\" srcset=\"https:\/\/www.randocabane.fr\/wp-content\/uploads\/2021\/03\/Sans-titre-5.png 779w, https:\/\/www.randocabane.fr\/wp-content\/uploads\/2021\/03\/Sans-titre-5-300x251.png 300w, https:\/\/www.randocabane.fr\/wp-content\/uploads\/2021\/03\/Sans-titre-5-768x643.png 768w\" sizes=\"auto, (max-width: 779px) 100vw, 779px\" \/><\/figure><div class=\"wp-block-media-text__content\">\n<p>&#8220;<em> <em>Nous avions planifi\u00e9 en amont une visite <\/em><\/em>et <em><em>une d\u00e9gustation chez un vigneron : incontournable lorsque l&#8217;on visite le Vignoble Nantais ! <\/em>Nous avons visit\u00e9 le <strong>Domaine R de la Grange<\/strong>.  Apr\u00e8s un bon moment de partage nous sommes repartis avec une bouteille de muscadet et avons profit\u00e9 du cadre pour pique-niquer en plein c\u0153ur des vignes.<\/em>&#8220;<\/p>\n<\/div><\/div>\n\n\n\n<h3 class=\"wp-block-heading\">L&#8217;apr\u00e8s-midi<\/h3>\n\n\n\n<div class=\"wp-block-media-text alignwide has-media-on-the-right is-stacked-on-mobile\" style=\"grid-template-columns:auto 30%\"><figure class=\"wp-block-media-text__media\"><img loading=\"lazy\" decoding=\"async\" width=\"500\" height=\"500\" src=\"http:\/\/www.randocabane.fr\/wp-content\/uploads\/2021\/03\/5.png\" alt=\"Clisson \u00e0 v\u00e9lo\" class=\"wp-image-1913 size-full\" srcset=\"https:\/\/www.randocabane.fr\/wp-content\/uploads\/2021\/03\/5.png 500w, https:\/\/www.randocabane.fr\/wp-content\/uploads\/2021\/03\/5-300x300.png 300w, https:\/\/www.randocabane.fr\/wp-content\/uploads\/2021\/03\/5-150x150.png 150w\" sizes=\"auto, (max-width: 500px) 100vw, 500px\" \/><\/figure><div class=\"wp-block-media-text__content\">\n<p>&#8220;<em>Apr\u00e8s cette pause, nous avons repris les v\u00e9los pour atteindre notre destination finale : Clisson. Nous d\u00e9couvrons une petite ville tr\u00e8s agr\u00e9able au caract\u00e8re italien. Nous avons laiss\u00e9 nos v\u00e9los \u00e0 la cabane afin de profiter \u00e0 pied de la ville de Clisson. Au d\u00e9tour des ruelles nous d\u00e9couvrons <strong>le ch\u00e2teau<\/strong> et la <strong>Garenne Lemot<\/strong>. Pour terminer la journ\u00e9e nous sommes all\u00e9s sur le site du festival <strong>Hellfest<\/strong> : gratuit et libre d&#8217;acc\u00e8s. Nous avons pu faire de belles photos des diff\u00e9rentes structures pr\u00e9sentes sur le parc.<\/em>&#8220;<\/p>\n<\/div><\/div>\n\n\n\n<div class=\"wp-block-media-text alignwide is-stacked-on-mobile\" style=\"grid-template-columns:25% auto\"><figure class=\"wp-block-media-text__media\"><img decoding=\"async\" src=\"https:\/\/www.randocabane.fr\/wp-content\/uploads\/2021\/03\/Sans-titre-6-1.png\" alt=\"\" class=\"wp-image-1995 size-full\"\/><\/figure><div class=\"wp-block-media-text__content\">\n<p><em>&#8220;Pour la soir\u00e9e, nous avions r\u00e9serv\u00e9 un <strong>panier repas<\/strong> pour d\u00eener \u00e0 la cabane. De bonnes grillades de la r\u00e9gion, une salade et une tarte de saison : un r\u00e9gal.<\/em><\/p>\n\n\n\n<p><em>Apr\u00e8s un bonne nuit de sommeil et un petit d\u00e9jeuner bien complet propos\u00e9 par les partenaires, nous sommes repartis \u00e0 v\u00e9lo pour une deuxi\u00e8me journ\u00e9e. Au programme, remonter le long de<strong> la S\u00e8vre<\/strong> jusqu&#8217;\u00e0 Nantes.&#8221;<\/em><\/p>\n<\/div><\/div>\n\n\n\n<p class=\"has-text-align-center\"><em>&#8220;Nous sommes ravis de notre escapade : c&#8217;est tellement agr\u00e9able de profiter d&#8217;un d\u00e9paysement complet sans partir loin de chez nous.&#8221; <\/em><\/p>\n\n\n\n<div class=\"wp-block-image\"><figure class=\"aligncenter size-large is-resized\"><img loading=\"lazy\" decoding=\"async\" src=\"https:\/\/www.randocabane.fr\/wp-content\/uploads\/2021\/03\/AurelieFabien-1024x727.png\" alt=\"\" class=\"wp-image-2060\" width=\"350\" height=\"248\" srcset=\"https:\/\/www.randocabane.fr\/wp-content\/uploads\/2021\/03\/AurelieFabien-1024x727.png 1024w, https:\/\/www.randocabane.fr\/wp-content\/uploads\/2021\/03\/AurelieFabien-300x213.png 300w, https:\/\/www.randocabane.fr\/wp-content\/uploads\/2021\/03\/AurelieFabien-768x545.png 768w, https:\/\/www.randocabane.fr\/wp-content\/uploads\/2021\/03\/AurelieFabien-1536x1090.png 1536w, https:\/\/www.randocabane.fr\/wp-content\/uploads\/2021\/03\/AurelieFabien.png 1747w\" sizes=\"auto, (max-width: 350px) 100vw, 350px\" \/><\/figure><\/div>\n\n\n\n<h3 class=\"wp-block-heading\">La randonn\u00e9e \u00e0 v\u00e9lo de Fabien et Aurelie :<\/h3>\n\n\n\n<ul class=\"wp-block-list\"><li>Un week-end en couple<\/li><li>Dur\u00e9e de 2 jours<\/li><li>1 nuit en cabane, un panier repas et un petit-d\u00e9jeuner<\/li><li>Visite d&#8217;un domaine viticole<\/li><li>35 km de Nantes \u00e0 Clisson<\/li><li>Tarifs nous consulter, de nombreuses options seront propos\u00e9es<\/li><\/ul>\n\n\n\n<p><\/p>\n\n\n\n<h4 class=\"has-text-align-center wp-block-heading\">Si vous aussi vous souhaitez partir en randonn\u00e9e \u00e0 v\u00e9lo comme Fabien et Aur\u00e9lie&nbsp;<a href=\"https:\/\/www.randocabane.fr\/#contact\">contactez-nous<\/a>&nbsp;!<\/h4>\n\n\n\n<p><\/p>\n","protected":false},"excerpt":{"rendered":"<p>L&#8217;exp\u00e9rience RandoCabane vue par Aur\u00e9lie et Fabien, jeune couple nantais. La matin\u00e9e Aur\u00e9lie et Fabien veulent s&#8217;octroyer, un week-end au vert pour profiter des rayons du soleil \u00e0 v\u00e9lo. Ils &#8230;<\/p>\n","protected":false},"author":2,"featured_media":2060,"comment_status":"closed","ping_status":"closed","sticky":false,"template":"","format":"standard","meta":{"footnotes":""},"categories":[32,31],"tags":[],"class_list":["post-1869","post","type-post","status-publish","format-standard","has-post-thumbnail","hentry","category-nouvelles","category-retours-dexperiences"],"yoast_head":"<!-- This site is optimized with the Yoast SEO plugin v26.4 - https:\/\/yoast.com\/wordpress\/plugins\/seo\/ -->\n<title>V\u00e9lo - Un week-end \u00e0 v\u00e9lo avec RandoCabane - Randocabane<\/title>\n<meta name=\"description\" content=\"Aur\u00e9lie et Fabien, nantais, profitent d&#039;un week-end \u00e0 v\u00e9lo, pour visiter le vignoble de Nantes et Clisson gr\u00e2ce au circuit de RandoCabane.\" \/>\n<meta name=\"robots\" content=\"index, follow, max-snippet:-1, max-image-preview:large, max-video-preview:-1\" \/>\n<link rel=\"canonical\" href=\"https:\/\/www.randocabane.fr\/index.php\/2021\/03\/19\/un-week-end-a-velo-avec-randocabane\/\" \/>\n<meta property=\"og:locale\" content=\"fr_FR\" \/>\n<meta property=\"og:type\" content=\"article\" \/>\n<meta property=\"og:title\" content=\"V\u00e9lo - Un week-end \u00e0 v\u00e9lo avec RandoCabane - Randocabane\" \/>\n<meta property=\"og:description\" content=\"Aur\u00e9lie et Fabien, nantais, profitent d&#039;un week-end \u00e0 v\u00e9lo, pour visiter le vignoble de Nantes et Clisson gr\u00e2ce au circuit de RandoCabane.\" \/>\n<meta property=\"og:url\" content=\"https:\/\/www.randocabane.fr\/index.php\/2021\/03\/19\/un-week-end-a-velo-avec-randocabane\/\" \/>\n<meta property=\"og:site_name\" content=\"Randocabane\" \/>\n<meta property=\"article:published_time\" content=\"2021-03-19T08:18:01+00:00\" \/>\n<meta property=\"article:modified_time\" content=\"2021-04-28T07:58:24+00:00\" \/>\n<meta property=\"og:image\" content=\"https:\/\/www.randocabane.fr\/wp-content\/uploads\/2021\/03\/AurelieFabien-1024x727.png\" \/>\n\t<meta property=\"og:image:width\" content=\"1024\" \/>\n\t<meta property=\"og:image:height\" content=\"727\" \/>\n\t<meta property=\"og:image:type\" content=\"image\/png\" \/>\n<meta name=\"author\" content=\"Franck Pasquier\" \/>\n<meta name=\"twitter:card\" content=\"summary_large_image\" \/>\n<meta name=\"twitter:label1\" content=\"\u00c9crit par\" \/>\n\t<meta name=\"twitter:data1\" content=\"Franck Pasquier\" \/>\n\t<meta name=\"twitter:label2\" content=\"Dur\u00e9e de lecture estim\u00e9e\" \/>\n\t<meta name=\"twitter:data2\" content=\"4 minutes\" \/>\n<script type=\"application\/ld+json\" class=\"yoast-schema-graph\">{\"@context\":\"https:\/\/schema.org\",\"@graph\":[{\"@type\":\"Article\",\"@id\":\"https:\/\/www.randocabane.fr\/index.php\/2021\/03\/19\/un-week-end-a-velo-avec-randocabane\/#article\",\"isPartOf\":{\"@id\":\"https:\/\/www.randocabane.fr\/index.php\/2021\/03\/19\/un-week-end-a-velo-avec-randocabane\/\"},\"author\":{\"name\":\"Franck Pasquier\",\"@id\":\"https:\/\/www.randocabane.fr\/#\/schema\/person\/8a1da96c4e7bcd540ea090592ccb28df\"},\"headline\":\"Un week-end \u00e0 v\u00e9lo avec RandoCabane\",\"datePublished\":\"2021-03-19T08:18:01+00:00\",\"dateModified\":\"2021-04-28T07:58:24+00:00\",\"mainEntityOfPage\":{\"@id\":\"https:\/\/www.randocabane.fr\/index.php\/2021\/03\/19\/un-week-end-a-velo-avec-randocabane\/\"},\"wordCount\":572,\"publisher\":{\"@id\":\"https:\/\/www.randocabane.fr\/#organization\"},\"image\":{\"@id\":\"https:\/\/www.randocabane.fr\/index.php\/2021\/03\/19\/un-week-end-a-velo-avec-randocabane\/#primaryimage\"},\"thumbnailUrl\":\"https:\/\/www.randocabane.fr\/wp-content\/uploads\/2021\/03\/AurelieFabien.png\",\"articleSection\":[\"Nouvelles\",\"Retours d'exp\u00e9riences\"],\"inLanguage\":\"fr-FR\"},{\"@type\":\"WebPage\",\"@id\":\"https:\/\/www.randocabane.fr\/index.php\/2021\/03\/19\/un-week-end-a-velo-avec-randocabane\/\",\"url\":\"https:\/\/www.randocabane.fr\/index.php\/2021\/03\/19\/un-week-end-a-velo-avec-randocabane\/\",\"name\":\"V\u00e9lo - Un week-end \u00e0 v\u00e9lo avec RandoCabane - Randocabane\",\"isPartOf\":{\"@id\":\"https:\/\/www.randocabane.fr\/#website\"},\"primaryImageOfPage\":{\"@id\":\"https:\/\/www.randocabane.fr\/index.php\/2021\/03\/19\/un-week-end-a-velo-avec-randocabane\/#primaryimage\"},\"image\":{\"@id\":\"https:\/\/www.randocabane.fr\/index.php\/2021\/03\/19\/un-week-end-a-velo-avec-randocabane\/#primaryimage\"},\"thumbnailUrl\":\"https:\/\/www.randocabane.fr\/wp-content\/uploads\/2021\/03\/AurelieFabien.png\",\"datePublished\":\"2021-03-19T08:18:01+00:00\",\"dateModified\":\"2021-04-28T07:58:24+00:00\",\"description\":\"Aur\u00e9lie et Fabien, nantais, profitent d'un week-end \u00e0 v\u00e9lo, pour visiter le vignoble de Nantes et Clisson gr\u00e2ce au circuit de RandoCabane.\",\"breadcrumb\":{\"@id\":\"https:\/\/www.randocabane.fr\/index.php\/2021\/03\/19\/un-week-end-a-velo-avec-randocabane\/#breadcrumb\"},\"inLanguage\":\"fr-FR\",\"potentialAction\":[{\"@type\":\"ReadAction\",\"target\":[\"https:\/\/www.randocabane.fr\/index.php\/2021\/03\/19\/un-week-end-a-velo-avec-randocabane\/\"]}]},{\"@type\":\"ImageObject\",\"inLanguage\":\"fr-FR\",\"@id\":\"https:\/\/www.randocabane.fr\/index.php\/2021\/03\/19\/un-week-end-a-velo-avec-randocabane\/#primaryimage\",\"url\":\"https:\/\/www.randocabane.fr\/wp-content\/uploads\/2021\/03\/AurelieFabien.png\",\"contentUrl\":\"https:\/\/www.randocabane.fr\/wp-content\/uploads\/2021\/03\/AurelieFabien.png\",\"width\":1747,\"height\":1240},{\"@type\":\"BreadcrumbList\",\"@id\":\"https:\/\/www.randocabane.fr\/index.php\/2021\/03\/19\/un-week-end-a-velo-avec-randocabane\/#breadcrumb\",\"itemListElement\":[{\"@type\":\"ListItem\",\"position\":1,\"name\":\"Accueil\",\"item\":\"https:\/\/www.randocabane.fr\/\"},{\"@type\":\"ListItem\",\"position\":2,\"name\":\"Un week-end \u00e0 v\u00e9lo avec RandoCabane\"}]},{\"@type\":\"WebSite\",\"@id\":\"https:\/\/www.randocabane.fr\/#website\",\"url\":\"https:\/\/www.randocabane.fr\/\",\"name\":\"Randocabane\",\"description\":\"De cabane en cabane\",\"publisher\":{\"@id\":\"https:\/\/www.randocabane.fr\/#organization\"},\"potentialAction\":[{\"@type\":\"SearchAction\",\"target\":{\"@type\":\"EntryPoint\",\"urlTemplate\":\"https:\/\/www.randocabane.fr\/?s={search_term_string}\"},\"query-input\":{\"@type\":\"PropertyValueSpecification\",\"valueRequired\":true,\"valueName\":\"search_term_string\"}}],\"inLanguage\":\"fr-FR\"},{\"@type\":\"Organization\",\"@id\":\"https:\/\/www.randocabane.fr\/#organization\",\"name\":\"Randocabane\",\"url\":\"https:\/\/www.randocabane.fr\/\",\"logo\":{\"@type\":\"ImageObject\",\"inLanguage\":\"fr-FR\",\"@id\":\"https:\/\/www.randocabane.fr\/#\/schema\/logo\/image\/\",\"url\":\"https:\/\/www.randocabane.fr\/wp-content\/uploads\/2020\/12\/cropped-logo-randocabane-500.jpg\",\"contentUrl\":\"https:\/\/www.randocabane.fr\/wp-content\/uploads\/2020\/12\/cropped-logo-randocabane-500.jpg\",\"width\":500,\"height\":335,\"caption\":\"Randocabane\"},\"image\":{\"@id\":\"https:\/\/www.randocabane.fr\/#\/schema\/logo\/image\/\"}},{\"@type\":\"Person\",\"@id\":\"https:\/\/www.randocabane.fr\/#\/schema\/person\/8a1da96c4e7bcd540ea090592ccb28df\",\"name\":\"Franck Pasquier\",\"image\":{\"@type\":\"ImageObject\",\"inLanguage\":\"fr-FR\",\"@id\":\"https:\/\/www.randocabane.fr\/#\/schema\/person\/image\/\",\"url\":\"https:\/\/secure.gravatar.com\/avatar\/4bcdc1b473ccf0e6a0138ffc175d5ace?s=96&d=mm&r=g\",\"contentUrl\":\"https:\/\/secure.gravatar.com\/avatar\/4bcdc1b473ccf0e6a0138ffc175d5ace?s=96&d=mm&r=g\",\"caption\":\"Franck Pasquier\"},\"url\":\"https:\/\/www.randocabane.fr\/index.php\/author\/fpasquier\/\"}]}<\/script>\n<!-- \/ Yoast SEO plugin. -->","yoast_head_json":{"title":"V\u00e9lo - Un week-end \u00e0 v\u00e9lo avec RandoCabane - Randocabane","description":"Aur\u00e9lie et Fabien, nantais, profitent d'un week-end \u00e0 v\u00e9lo, pour visiter le vignoble de Nantes et Clisson gr\u00e2ce au circuit de RandoCabane.","robots":{"index":"index","follow":"follow","max-snippet":"max-snippet:-1","max-image-preview":"max-image-preview:large","max-video-preview":"max-video-preview:-1"},"canonical":"https:\/\/www.randocabane.fr\/index.php\/2021\/03\/19\/un-week-end-a-velo-avec-randocabane\/","og_locale":"fr_FR","og_type":"article","og_title":"V\u00e9lo - Un week-end \u00e0 v\u00e9lo avec RandoCabane - Randocabane","og_description":"Aur\u00e9lie et Fabien, nantais, profitent d'un week-end \u00e0 v\u00e9lo, pour visiter le vignoble de Nantes et Clisson gr\u00e2ce au circuit de RandoCabane.","og_url":"https:\/\/www.randocabane.fr\/index.php\/2021\/03\/19\/un-week-end-a-velo-avec-randocabane\/","og_site_name":"Randocabane","article_published_time":"2021-03-19T08:18:01+00:00","article_modified_time":"2021-04-28T07:58:24+00:00","og_image":[{"width":1024,"height":727,"url":"https:\/\/www.randocabane.fr\/wp-content\/uploads\/2021\/03\/AurelieFabien-1024x727.png","type":"image\/png"}],"author":"Franck Pasquier","twitter_card":"summary_large_image","twitter_misc":{"\u00c9crit par":"Franck Pasquier","Dur\u00e9e de lecture estim\u00e9e":"4 minutes"},"schema":{"@context":"https:\/\/schema.org","@graph":[{"@type":"Article","@id":"https:\/\/www.randocabane.fr\/index.php\/2021\/03\/19\/un-week-end-a-velo-avec-randocabane\/#article","isPartOf":{"@id":"https:\/\/www.randocabane.fr\/index.php\/2021\/03\/19\/un-week-end-a-velo-avec-randocabane\/"},"author":{"name":"Franck Pasquier","@id":"https:\/\/www.randocabane.fr\/#\/schema\/person\/8a1da96c4e7bcd540ea090592ccb28df"},"headline":"Un week-end \u00e0 v\u00e9lo avec RandoCabane","datePublished":"2021-03-19T08:18:01+00:00","dateModified":"2021-04-28T07:58:24+00:00","mainEntityOfPage":{"@id":"https:\/\/www.randocabane.fr\/index.php\/2021\/03\/19\/un-week-end-a-velo-avec-randocabane\/"},"wordCount":572,"publisher":{"@id":"https:\/\/www.randocabane.fr\/#organization"},"image":{"@id":"https:\/\/www.randocabane.fr\/index.php\/2021\/03\/19\/un-week-end-a-velo-avec-randocabane\/#primaryimage"},"thumbnailUrl":"https:\/\/www.randocabane.fr\/wp-content\/uploads\/2021\/03\/AurelieFabien.png","articleSection":["Nouvelles","Retours d'exp\u00e9riences"],"inLanguage":"fr-FR"},{"@type":"WebPage","@id":"https:\/\/www.randocabane.fr\/index.php\/2021\/03\/19\/un-week-end-a-velo-avec-randocabane\/","url":"https:\/\/www.randocabane.fr\/index.php\/2021\/03\/19\/un-week-end-a-velo-avec-randocabane\/","name":"V\u00e9lo - Un week-end \u00e0 v\u00e9lo avec RandoCabane - Randocabane","isPartOf":{"@id":"https:\/\/www.randocabane.fr\/#website"},"primaryImageOfPage":{"@id":"https:\/\/www.randocabane.fr\/index.php\/2021\/03\/19\/un-week-end-a-velo-avec-randocabane\/#primaryimage"},"image":{"@id":"https:\/\/www.randocabane.fr\/index.php\/2021\/03\/19\/un-week-end-a-velo-avec-randocabane\/#primaryimage"},"thumbnailUrl":"https:\/\/www.randocabane.fr\/wp-content\/uploads\/2021\/03\/AurelieFabien.png","datePublished":"2021-03-19T08:18:01+00:00","dateModified":"2021-04-28T07:58:24+00:00","description":"Aur\u00e9lie et Fabien, nantais, profitent d'un week-end \u00e0 v\u00e9lo, pour visiter le vignoble de Nantes et Clisson gr\u00e2ce au circuit de RandoCabane.","breadcrumb":{"@id":"https:\/\/www.randocabane.fr\/index.php\/2021\/03\/19\/un-week-end-a-velo-avec-randocabane\/#breadcrumb"},"inLanguage":"fr-FR","potentialAction":[{"@type":"ReadAction","target":["https:\/\/www.randocabane.fr\/index.php\/2021\/03\/19\/un-week-end-a-velo-avec-randocabane\/"]}]},{"@type":"ImageObject","inLanguage":"fr-FR","@id":"https:\/\/www.randocabane.fr\/index.php\/2021\/03\/19\/un-week-end-a-velo-avec-randocabane\/#primaryimage","url":"https:\/\/www.randocabane.fr\/wp-content\/uploads\/2021\/03\/AurelieFabien.png","contentUrl":"https:\/\/www.randocabane.fr\/wp-content\/uploads\/2021\/03\/AurelieFabien.png","width":1747,"height":1240},{"@type":"BreadcrumbList","@id":"https:\/\/www.randocabane.fr\/index.php\/2021\/03\/19\/un-week-end-a-velo-avec-randocabane\/#breadcrumb","itemListElement":[{"@type":"ListItem","position":1,"name":"Accueil","item":"https:\/\/www.randocabane.fr\/"},{"@type":"ListItem","position":2,"name":"Un week-end \u00e0 v\u00e9lo avec RandoCabane"}]},{"@type":"WebSite","@id":"https:\/\/www.randocabane.fr\/#website","url":"https:\/\/www.randocabane.fr\/","name":"Randocabane","description":"De cabane en cabane","publisher":{"@id":"https:\/\/www.randocabane.fr\/#organization"},"potentialAction":[{"@type":"SearchAction","target":{"@type":"EntryPoint","urlTemplate":"https:\/\/www.randocabane.fr\/?s={search_term_string}"},"query-input":{"@type":"PropertyValueSpecification","valueRequired":true,"valueName":"search_term_string"}}],"inLanguage":"fr-FR"},{"@type":"Organization","@id":"https:\/\/www.randocabane.fr\/#organization","name":"Randocabane","url":"https:\/\/www.randocabane.fr\/","logo":{"@type":"ImageObject","inLanguage":"fr-FR","@id":"https:\/\/www.randocabane.fr\/#\/schema\/logo\/image\/","url":"https:\/\/www.randocabane.fr\/wp-content\/uploads\/2020\/12\/cropped-logo-randocabane-500.jpg","contentUrl":"https:\/\/www.randocabane.fr\/wp-content\/uploads\/2020\/12\/cropped-logo-randocabane-500.jpg","width":500,"height":335,"caption":"Randocabane"},"image":{"@id":"https:\/\/www.randocabane.fr\/#\/schema\/logo\/image\/"}},{"@type":"Person","@id":"https:\/\/www.randocabane.fr\/#\/schema\/person\/8a1da96c4e7bcd540ea090592ccb28df","name":"Franck Pasquier","image":{"@type":"ImageObject","inLanguage":"fr-FR","@id":"https:\/\/www.randocabane.fr\/#\/schema\/person\/image\/","url":"https:\/\/secure.gravatar.com\/avatar\/4bcdc1b473ccf0e6a0138ffc175d5ace?s=96&d=mm&r=g","contentUrl":"https:\/\/secure.gravatar.com\/avatar\/4bcdc1b473ccf0e6a0138ffc175d5ace?s=96&d=mm&r=g","caption":"Franck Pasquier"},"url":"https:\/\/www.randocabane.fr\/index.php\/author\/fpasquier\/"}]}},"_links":{"self":[{"href":"https:\/\/www.randocabane.fr\/index.php\/wp-json\/wp\/v2\/posts\/1869","targetHints":{"allow":["GET"]}}],"collection":[{"href":"https:\/\/www.randocabane.fr\/index.php\/wp-json\/wp\/v2\/posts"}],"about":[{"href":"https:\/\/www.randocabane.fr\/index.php\/wp-json\/wp\/v2\/types\/post"}],"author":[{"embeddable":true,"href":"https:\/\/www.randocabane.fr\/index.php\/wp-json\/wp\/v2\/users\/2"}],"replies":[{"embeddable":true,"href":"https:\/\/www.randocabane.fr\/index.php\/wp-json\/wp\/v2\/comments?post=1869"}],"version-history":[{"count":22,"href":"https:\/\/www.randocabane.fr\/index.php\/wp-json\/wp\/v2\/posts\/1869\/revisions"}],"predecessor-version":[{"id":2123,"href":"https:\/\/www.randocabane.fr\/index.php\/wp-json\/wp\/v2\/posts\/1869\/revisions\/2123"}],"wp:featuredmedia":[{"embeddable":true,"href":"https:\/\/www.randocabane.fr\/index.php\/wp-json\/wp\/v2\/media\/2060"}],"wp:attachment":[{"href":"https:\/\/www.randocabane.fr\/index.php\/wp-json\/wp\/v2\/media?parent=1869"}],"wp:term":[{"taxonomy":"category","embeddable":true,"href":"https:\/\/www.randocabane.fr\/index.php\/wp-json\/wp\/v2\/categories?post=1869"},{"taxonomy":"post_tag","embeddable":true,"href":"https:\/\/www.randocabane.fr\/index.php\/wp-json\/wp\/v2\/tags?post=1869"}],"curies":[{"name":"wp","href":"https:\/\/api.w.org\/{rel}","templated":true}]}}