{"id":2184,"date":"2021-03-22T16:42:02","date_gmt":"2021-03-22T15:42:02","guid":{"rendered":"https:\/\/www.randocabane.fr\/?p=2184"},"modified":"2021-04-07T17:14:01","modified_gmt":"2021-04-07T15:14:01","slug":"sac-de-randonnee-comment-lorganiser","status":"publish","type":"post","link":"https:\/\/www.randocabane.fr\/index.php\/2021\/03\/22\/sac-de-randonnee-comment-lorganiser\/","title":{"rendered":"Sac de randonn\u00e9e : comment l&#8217;organiser ?"},"content":{"rendered":"\n<p>Il est important de bien organiser son sac avant une randonn\u00e9e afin de s&#8217;assurer plus de confort. D\u00e9couvrez d\u00e8s maintenant comment le pr\u00e9parer ! RandoCabane vous propose de d\u00e9couvrir de multiples astuces afin que les randonn\u00e9es n\u2019aient plus aucun secret pour vous.<\/p>\n\n\n\n<h2 class=\"wp-block-heading\">Les 3 points les plus importants <\/h2>\n\n\n\n<div class=\"wp-block-media-text alignwide is-stacked-on-mobile\" style=\"grid-template-columns:24% auto\"><figure class=\"wp-block-media-text__media\"><img loading=\"lazy\" decoding=\"async\" width=\"250\" height=\"365\" src=\"http:\/\/www.randocabane.fr\/wp-content\/uploads\/2021\/03\/Sac-a\u0300-dos-ok.png\" alt=\"Sac a\u0300 dos\" class=\"wp-image-2236 size-full\" srcset=\"https:\/\/www.randocabane.fr\/wp-content\/uploads\/2021\/03\/Sac-a\u0300-dos-ok.png 250w, https:\/\/www.randocabane.fr\/wp-content\/uploads\/2021\/03\/Sac-a\u0300-dos-ok-205x300.png 205w\" sizes=\"auto, (max-width: 250px) 100vw, 250px\" \/><\/figure><div class=\"wp-block-media-text__content\">\n<h3 class=\"has-text-color wp-block-heading\" style=\"color:#86cddc\">Le choix du sac<\/h3>\n\n\n\n<p>Bien le choisir est essentiel. Il doit \u00eatre bien organis\u00e9 pour am\u00e9liorer le confort au niveau des \u00e9paules et du dos. Pour une randonn\u00e9e de moins de 4 heures, une contenance de 20 litres suffit, si votre randonn\u00e9e dure plus longtemps il faudra alors choisir une contenance de 30 \u00e0 40 litres.<\/p>\n\n\n\n<h3 class=\"has-text-color wp-block-heading\" style=\"color:#86cddc\">L&#8217;\u00e9quilibre du sac<\/h3>\n\n\n\n<p>Il faut que 80% du poids du sac se trouve sur le bassin et les 20% restant sur les \u00e9paules. Les objets lourds doivent se trouver c\u00f4t\u00e9 dos et les objets plus l\u00e9gers sur l&#8217;ext\u00e9rieur. Pour finir il faut \u00e9quilibrer entre la gauche et la droite de votre sac \u00e0 dos.<\/p>\n<\/div><\/div>\n\n\n\n<p><\/p>\n\n\n\n<h3 class=\"has-text-color wp-block-heading\" style=\"color:#86cddc\">L&#8217;organisation<\/h3>\n\n\n\n<p>Les v\u00eatements de rechange doivent \u00eatre mis dans le fond du sac. Cependant, les v\u00eatements de protection et objets utiles lors de la randonn\u00e9e doivent se trouver au dessus (plus accessibles).<\/p>\n\n\n\n<p>Votre sac ne doit pas d\u00e9passer 10% de votre poids pour une randonn\u00e9e de moins de 11 heures, et pas plus de 15% au-del\u00e0.<\/p>\n\n\n\n<hr class=\"wp-block-separator has-text-color has-background\" style=\"background-color:#94c11f;color:#94c11f\"\/>\n\n\n\n<p class=\"has-text-align-center\" id=\"block-333f49a5-8f5a-49ac-82b0-d8bd6db80f3a\">Cette RandoAstuce vous a plu ? <a href=\"http:\/\/www.randocabane.fr\/wp-content\/uploads\/2021\/03\/RandoAstuces-Sac-a\u0300-dos.pdf\" target=\"_blank\" rel=\"noreferrer noopener\">T\u00e9l\u00e9chargez<\/a>-la d\u00e8s maintenant et profitez de notre format PDF pour la visionner sur votre t\u00e9l\u00e9phone et ordinateur.<\/p>\n\n\n\n<p class=\"has-text-align-center\" id=\"block-4e887c60-986a-4189-ad25-868078d8157f\">Vous aimeriez que RandoCabane aborde un sujet sur sa prochaine RandoAstuce ? <a href=\"https:\/\/www.randocabane.fr\/#contact\">Dites-le nous !<\/a><\/p>\n\n\n\n<p><\/p>\n\n\n\n<p class=\"has-text-align-center\" id=\"block-cd04ecce-7be2-4d97-8ee6-3a8827542d5f\"><em>RandoCabane est une marque commerciale de la soci\u00e9t\u00e9 <a href=\"https:\/\/www.nantes-winetour.com\/\" target=\"_blank\" rel=\"noreferrer noopener\">Nantes Wine Tour<\/a><\/em>.<\/p>\n","protected":false},"excerpt":{"rendered":"<p>Il est important de bien organiser son sac avant une randonn\u00e9e afin de s&#8217;assurer plus de confort. D\u00e9couvrez d\u00e8s maintenant comment le pr\u00e9parer ! RandoCabane vous propose de d\u00e9couvrir de &#8230;<\/p>\n","protected":false},"author":2,"featured_media":2236,"comment_status":"closed","ping_status":"closed","sticky":false,"template":"","format":"standard","meta":{"footnotes":""},"categories":[29],"tags":[],"class_list":["post-2184","post","type-post","status-publish","format-standard","has-post-thumbnail","hentry","category-astuces"],"yoast_head":"<!-- This site is optimized with the Yoast SEO plugin v26.4 - https:\/\/yoast.com\/wordpress\/plugins\/seo\/ -->\n<title>Sac de randonn\u00e9e : comment l&#039;organiser ? - Randocabane<\/title>\n<meta name=\"description\" content=\"D\u00e9couvrez comment pr\u00e9parer son sac de randonn\u00e9e. RandoCabane vous propose de d\u00e9couvrir de multiples astuces pour vos randonn\u00e9es.\" \/>\n<meta name=\"robots\" content=\"index, follow, max-snippet:-1, max-image-preview:large, max-video-preview:-1\" \/>\n<link rel=\"canonical\" href=\"https:\/\/www.randocabane.fr\/index.php\/2021\/03\/22\/sac-de-randonnee-comment-lorganiser\/\" \/>\n<meta property=\"og:locale\" content=\"fr_FR\" \/>\n<meta property=\"og:type\" content=\"article\" \/>\n<meta property=\"og:title\" content=\"Sac de randonn\u00e9e : comment l&#039;organiser ? - Randocabane\" \/>\n<meta property=\"og:description\" content=\"D\u00e9couvrez comment pr\u00e9parer son sac de randonn\u00e9e. RandoCabane vous propose de d\u00e9couvrir de multiples astuces pour vos randonn\u00e9es.\" \/>\n<meta property=\"og:url\" content=\"https:\/\/www.randocabane.fr\/index.php\/2021\/03\/22\/sac-de-randonnee-comment-lorganiser\/\" \/>\n<meta property=\"og:site_name\" content=\"Randocabane\" \/>\n<meta property=\"article:published_time\" content=\"2021-03-22T15:42:02+00:00\" \/>\n<meta property=\"article:modified_time\" content=\"2021-04-07T15:14:01+00:00\" \/>\n<meta property=\"og:image\" content=\"https:\/\/www.randocabane.fr\/wp-content\/uploads\/2021\/03\/Sac-a\u0300-dos-ok.png\" \/>\n\t<meta property=\"og:image:width\" content=\"250\" \/>\n\t<meta property=\"og:image:height\" content=\"365\" \/>\n\t<meta property=\"og:image:type\" content=\"image\/png\" \/>\n<meta name=\"author\" content=\"Franck Pasquier\" \/>\n<meta name=\"twitter:card\" content=\"summary_large_image\" \/>\n<meta name=\"twitter:label1\" content=\"\u00c9crit par\" \/>\n\t<meta name=\"twitter:data1\" content=\"Franck Pasquier\" \/>\n\t<meta name=\"twitter:label2\" content=\"Dur\u00e9e de lecture estim\u00e9e\" \/>\n\t<meta name=\"twitter:data2\" content=\"2 minutes\" \/>\n<script type=\"application\/ld+json\" class=\"yoast-schema-graph\">{\"@context\":\"https:\/\/schema.org\",\"@graph\":[{\"@type\":\"Article\",\"@id\":\"https:\/\/www.randocabane.fr\/index.php\/2021\/03\/22\/sac-de-randonnee-comment-lorganiser\/#article\",\"isPartOf\":{\"@id\":\"https:\/\/www.randocabane.fr\/index.php\/2021\/03\/22\/sac-de-randonnee-comment-lorganiser\/\"},\"author\":{\"name\":\"Franck Pasquier\",\"@id\":\"https:\/\/www.randocabane.fr\/#\/schema\/person\/8a1da96c4e7bcd540ea090592ccb28df\"},\"headline\":\"Sac de randonn\u00e9e : comment l&#8217;organiser ?\",\"datePublished\":\"2021-03-22T15:42:02+00:00\",\"dateModified\":\"2021-04-07T15:14:01+00:00\",\"mainEntityOfPage\":{\"@id\":\"https:\/\/www.randocabane.fr\/index.php\/2021\/03\/22\/sac-de-randonnee-comment-lorganiser\/\"},\"wordCount\":282,\"publisher\":{\"@id\":\"https:\/\/www.randocabane.fr\/#organization\"},\"image\":{\"@id\":\"https:\/\/www.randocabane.fr\/index.php\/2021\/03\/22\/sac-de-randonnee-comment-lorganiser\/#primaryimage\"},\"thumbnailUrl\":\"https:\/\/www.randocabane.fr\/wp-content\/uploads\/2021\/03\/Sac-a\u0300-dos-ok.png\",\"articleSection\":[\"Astuces\"],\"inLanguage\":\"fr-FR\"},{\"@type\":\"WebPage\",\"@id\":\"https:\/\/www.randocabane.fr\/index.php\/2021\/03\/22\/sac-de-randonnee-comment-lorganiser\/\",\"url\":\"https:\/\/www.randocabane.fr\/index.php\/2021\/03\/22\/sac-de-randonnee-comment-lorganiser\/\",\"name\":\"Sac de randonn\u00e9e : comment l'organiser ? - Randocabane\",\"isPartOf\":{\"@id\":\"https:\/\/www.randocabane.fr\/#website\"},\"primaryImageOfPage\":{\"@id\":\"https:\/\/www.randocabane.fr\/index.php\/2021\/03\/22\/sac-de-randonnee-comment-lorganiser\/#primaryimage\"},\"image\":{\"@id\":\"https:\/\/www.randocabane.fr\/index.php\/2021\/03\/22\/sac-de-randonnee-comment-lorganiser\/#primaryimage\"},\"thumbnailUrl\":\"https:\/\/www.randocabane.fr\/wp-content\/uploads\/2021\/03\/Sac-a\u0300-dos-ok.png\",\"datePublished\":\"2021-03-22T15:42:02+00:00\",\"dateModified\":\"2021-04-07T15:14:01+00:00\",\"description\":\"D\u00e9couvrez comment pr\u00e9parer son sac de randonn\u00e9e. RandoCabane vous propose de d\u00e9couvrir de multiples astuces pour vos randonn\u00e9es.\",\"breadcrumb\":{\"@id\":\"https:\/\/www.randocabane.fr\/index.php\/2021\/03\/22\/sac-de-randonnee-comment-lorganiser\/#breadcrumb\"},\"inLanguage\":\"fr-FR\",\"potentialAction\":[{\"@type\":\"ReadAction\",\"target\":[\"https:\/\/www.randocabane.fr\/index.php\/2021\/03\/22\/sac-de-randonnee-comment-lorganiser\/\"]}]},{\"@type\":\"ImageObject\",\"inLanguage\":\"fr-FR\",\"@id\":\"https:\/\/www.randocabane.fr\/index.php\/2021\/03\/22\/sac-de-randonnee-comment-lorganiser\/#primaryimage\",\"url\":\"https:\/\/www.randocabane.fr\/wp-content\/uploads\/2021\/03\/Sac-a\u0300-dos-ok.png\",\"contentUrl\":\"https:\/\/www.randocabane.fr\/wp-content\/uploads\/2021\/03\/Sac-a\u0300-dos-ok.png\",\"width\":250,\"height\":365,\"caption\":\"Sac a\u0300 dos\"},{\"@type\":\"BreadcrumbList\",\"@id\":\"https:\/\/www.randocabane.fr\/index.php\/2021\/03\/22\/sac-de-randonnee-comment-lorganiser\/#breadcrumb\",\"itemListElement\":[{\"@type\":\"ListItem\",\"position\":1,\"name\":\"Accueil\",\"item\":\"https:\/\/www.randocabane.fr\/\"},{\"@type\":\"ListItem\",\"position\":2,\"name\":\"Sac de randonn\u00e9e : comment l&#8217;organiser ?\"}]},{\"@type\":\"WebSite\",\"@id\":\"https:\/\/www.randocabane.fr\/#website\",\"url\":\"https:\/\/www.randocabane.fr\/\",\"name\":\"Randocabane\",\"description\":\"De cabane en cabane\",\"publisher\":{\"@id\":\"https:\/\/www.randocabane.fr\/#organization\"},\"potentialAction\":[{\"@type\":\"SearchAction\",\"target\":{\"@type\":\"EntryPoint\",\"urlTemplate\":\"https:\/\/www.randocabane.fr\/?s={search_term_string}\"},\"query-input\":{\"@type\":\"PropertyValueSpecification\",\"valueRequired\":true,\"valueName\":\"search_term_string\"}}],\"inLanguage\":\"fr-FR\"},{\"@type\":\"Organization\",\"@id\":\"https:\/\/www.randocabane.fr\/#organization\",\"name\":\"Randocabane\",\"url\":\"https:\/\/www.randocabane.fr\/\",\"logo\":{\"@type\":\"ImageObject\",\"inLanguage\":\"fr-FR\",\"@id\":\"https:\/\/www.randocabane.fr\/#\/schema\/logo\/image\/\",\"url\":\"https:\/\/www.randocabane.fr\/wp-content\/uploads\/2020\/12\/cropped-logo-randocabane-500.jpg\",\"contentUrl\":\"https:\/\/www.randocabane.fr\/wp-content\/uploads\/2020\/12\/cropped-logo-randocabane-500.jpg\",\"width\":500,\"height\":335,\"caption\":\"Randocabane\"},\"image\":{\"@id\":\"https:\/\/www.randocabane.fr\/#\/schema\/logo\/image\/\"}},{\"@type\":\"Person\",\"@id\":\"https:\/\/www.randocabane.fr\/#\/schema\/person\/8a1da96c4e7bcd540ea090592ccb28df\",\"name\":\"Franck Pasquier\",\"image\":{\"@type\":\"ImageObject\",\"inLanguage\":\"fr-FR\",\"@id\":\"https:\/\/www.randocabane.fr\/#\/schema\/person\/image\/\",\"url\":\"https:\/\/secure.gravatar.com\/avatar\/4bcdc1b473ccf0e6a0138ffc175d5ace?s=96&d=mm&r=g\",\"contentUrl\":\"https:\/\/secure.gravatar.com\/avatar\/4bcdc1b473ccf0e6a0138ffc175d5ace?s=96&d=mm&r=g\",\"caption\":\"Franck Pasquier\"},\"url\":\"https:\/\/www.randocabane.fr\/index.php\/author\/fpasquier\/\"}]}<\/script>\n<!-- \/ Yoast SEO plugin. -->","yoast_head_json":{"title":"Sac de randonn\u00e9e : comment l'organiser ? - Randocabane","description":"D\u00e9couvrez comment pr\u00e9parer son sac de randonn\u00e9e. RandoCabane vous propose de d\u00e9couvrir de multiples astuces pour vos randonn\u00e9es.","robots":{"index":"index","follow":"follow","max-snippet":"max-snippet:-1","max-image-preview":"max-image-preview:large","max-video-preview":"max-video-preview:-1"},"canonical":"https:\/\/www.randocabane.fr\/index.php\/2021\/03\/22\/sac-de-randonnee-comment-lorganiser\/","og_locale":"fr_FR","og_type":"article","og_title":"Sac de randonn\u00e9e : comment l'organiser ? - Randocabane","og_description":"D\u00e9couvrez comment pr\u00e9parer son sac de randonn\u00e9e. RandoCabane vous propose de d\u00e9couvrir de multiples astuces pour vos randonn\u00e9es.","og_url":"https:\/\/www.randocabane.fr\/index.php\/2021\/03\/22\/sac-de-randonnee-comment-lorganiser\/","og_site_name":"Randocabane","article_published_time":"2021-03-22T15:42:02+00:00","article_modified_time":"2021-04-07T15:14:01+00:00","og_image":[{"width":250,"height":365,"url":"https:\/\/www.randocabane.fr\/wp-content\/uploads\/2021\/03\/Sac-a\u0300-dos-ok.png","type":"image\/png"}],"author":"Franck Pasquier","twitter_card":"summary_large_image","twitter_misc":{"\u00c9crit par":"Franck Pasquier","Dur\u00e9e de lecture estim\u00e9e":"2 minutes"},"schema":{"@context":"https:\/\/schema.org","@graph":[{"@type":"Article","@id":"https:\/\/www.randocabane.fr\/index.php\/2021\/03\/22\/sac-de-randonnee-comment-lorganiser\/#article","isPartOf":{"@id":"https:\/\/www.randocabane.fr\/index.php\/2021\/03\/22\/sac-de-randonnee-comment-lorganiser\/"},"author":{"name":"Franck Pasquier","@id":"https:\/\/www.randocabane.fr\/#\/schema\/person\/8a1da96c4e7bcd540ea090592ccb28df"},"headline":"Sac de randonn\u00e9e : comment l&#8217;organiser ?","datePublished":"2021-03-22T15:42:02+00:00","dateModified":"2021-04-07T15:14:01+00:00","mainEntityOfPage":{"@id":"https:\/\/www.randocabane.fr\/index.php\/2021\/03\/22\/sac-de-randonnee-comment-lorganiser\/"},"wordCount":282,"publisher":{"@id":"https:\/\/www.randocabane.fr\/#organization"},"image":{"@id":"https:\/\/www.randocabane.fr\/index.php\/2021\/03\/22\/sac-de-randonnee-comment-lorganiser\/#primaryimage"},"thumbnailUrl":"https:\/\/www.randocabane.fr\/wp-content\/uploads\/2021\/03\/Sac-a\u0300-dos-ok.png","articleSection":["Astuces"],"inLanguage":"fr-FR"},{"@type":"WebPage","@id":"https:\/\/www.randocabane.fr\/index.php\/2021\/03\/22\/sac-de-randonnee-comment-lorganiser\/","url":"https:\/\/www.randocabane.fr\/index.php\/2021\/03\/22\/sac-de-randonnee-comment-lorganiser\/","name":"Sac de randonn\u00e9e : comment l'organiser ? - Randocabane","isPartOf":{"@id":"https:\/\/www.randocabane.fr\/#website"},"primaryImageOfPage":{"@id":"https:\/\/www.randocabane.fr\/index.php\/2021\/03\/22\/sac-de-randonnee-comment-lorganiser\/#primaryimage"},"image":{"@id":"https:\/\/www.randocabane.fr\/index.php\/2021\/03\/22\/sac-de-randonnee-comment-lorganiser\/#primaryimage"},"thumbnailUrl":"https:\/\/www.randocabane.fr\/wp-content\/uploads\/2021\/03\/Sac-a\u0300-dos-ok.png","datePublished":"2021-03-22T15:42:02+00:00","dateModified":"2021-04-07T15:14:01+00:00","description":"D\u00e9couvrez comment pr\u00e9parer son sac de randonn\u00e9e. RandoCabane vous propose de d\u00e9couvrir de multiples astuces pour vos randonn\u00e9es.","breadcrumb":{"@id":"https:\/\/www.randocabane.fr\/index.php\/2021\/03\/22\/sac-de-randonnee-comment-lorganiser\/#breadcrumb"},"inLanguage":"fr-FR","potentialAction":[{"@type":"ReadAction","target":["https:\/\/www.randocabane.fr\/index.php\/2021\/03\/22\/sac-de-randonnee-comment-lorganiser\/"]}]},{"@type":"ImageObject","inLanguage":"fr-FR","@id":"https:\/\/www.randocabane.fr\/index.php\/2021\/03\/22\/sac-de-randonnee-comment-lorganiser\/#primaryimage","url":"https:\/\/www.randocabane.fr\/wp-content\/uploads\/2021\/03\/Sac-a\u0300-dos-ok.png","contentUrl":"https:\/\/www.randocabane.fr\/wp-content\/uploads\/2021\/03\/Sac-a\u0300-dos-ok.png","width":250,"height":365,"caption":"Sac a\u0300 dos"},{"@type":"BreadcrumbList","@id":"https:\/\/www.randocabane.fr\/index.php\/2021\/03\/22\/sac-de-randonnee-comment-lorganiser\/#breadcrumb","itemListElement":[{"@type":"ListItem","position":1,"name":"Accueil","item":"https:\/\/www.randocabane.fr\/"},{"@type":"ListItem","position":2,"name":"Sac de randonn\u00e9e : comment l&#8217;organiser ?"}]},{"@type":"WebSite","@id":"https:\/\/www.randocabane.fr\/#website","url":"https:\/\/www.randocabane.fr\/","name":"Randocabane","description":"De cabane en cabane","publisher":{"@id":"https:\/\/www.randocabane.fr\/#organization"},"potentialAction":[{"@type":"SearchAction","target":{"@type":"EntryPoint","urlTemplate":"https:\/\/www.randocabane.fr\/?s={search_term_string}"},"query-input":{"@type":"PropertyValueSpecification","valueRequired":true,"valueName":"search_term_string"}}],"inLanguage":"fr-FR"},{"@type":"Organization","@id":"https:\/\/www.randocabane.fr\/#organization","name":"Randocabane","url":"https:\/\/www.randocabane.fr\/","logo":{"@type":"ImageObject","inLanguage":"fr-FR","@id":"https:\/\/www.randocabane.fr\/#\/schema\/logo\/image\/","url":"https:\/\/www.randocabane.fr\/wp-content\/uploads\/2020\/12\/cropped-logo-randocabane-500.jpg","contentUrl":"https:\/\/www.randocabane.fr\/wp-content\/uploads\/2020\/12\/cropped-logo-randocabane-500.jpg","width":500,"height":335,"caption":"Randocabane"},"image":{"@id":"https:\/\/www.randocabane.fr\/#\/schema\/logo\/image\/"}},{"@type":"Person","@id":"https:\/\/www.randocabane.fr\/#\/schema\/person\/8a1da96c4e7bcd540ea090592ccb28df","name":"Franck Pasquier","image":{"@type":"ImageObject","inLanguage":"fr-FR","@id":"https:\/\/www.randocabane.fr\/#\/schema\/person\/image\/","url":"https:\/\/secure.gravatar.com\/avatar\/4bcdc1b473ccf0e6a0138ffc175d5ace?s=96&d=mm&r=g","contentUrl":"https:\/\/secure.gravatar.com\/avatar\/4bcdc1b473ccf0e6a0138ffc175d5ace?s=96&d=mm&r=g","caption":"Franck Pasquier"},"url":"https:\/\/www.randocabane.fr\/index.php\/author\/fpasquier\/"}]}},"_links":{"self":[{"href":"https:\/\/www.randocabane.fr\/index.php\/wp-json\/wp\/v2\/posts\/2184","targetHints":{"allow":["GET"]}}],"collection":[{"href":"https:\/\/www.randocabane.fr\/index.php\/wp-json\/wp\/v2\/posts"}],"about":[{"href":"https:\/\/www.randocabane.fr\/index.php\/wp-json\/wp\/v2\/types\/post"}],"author":[{"embeddable":true,"href":"https:\/\/www.randocabane.fr\/index.php\/wp-json\/wp\/v2\/users\/2"}],"replies":[{"embeddable":true,"href":"https:\/\/www.randocabane.fr\/index.php\/wp-json\/wp\/v2\/comments?post=2184"}],"version-history":[{"count":13,"href":"https:\/\/www.randocabane.fr\/index.php\/wp-json\/wp\/v2\/posts\/2184\/revisions"}],"predecessor-version":[{"id":2525,"href":"https:\/\/www.randocabane.fr\/index.php\/wp-json\/wp\/v2\/posts\/2184\/revisions\/2525"}],"wp:featuredmedia":[{"embeddable":true,"href":"https:\/\/www.randocabane.fr\/index.php\/wp-json\/wp\/v2\/media\/2236"}],"wp:attachment":[{"href":"https:\/\/www.randocabane.fr\/index.php\/wp-json\/wp\/v2\/media?parent=2184"}],"wp:term":[{"taxonomy":"category","embeddable":true,"href":"https:\/\/www.randocabane.fr\/index.php\/wp-json\/wp\/v2\/categories?post=2184"},{"taxonomy":"post_tag","embeddable":true,"href":"https:\/\/www.randocabane.fr\/index.php\/wp-json\/wp\/v2\/tags?post=2184"}],"curies":[{"name":"wp","href":"https:\/\/api.w.org\/{rel}","templated":true}]}}