{"id":2231,"date":"2021-03-23T16:12:15","date_gmt":"2021-03-23T15:12:15","guid":{"rendered":"https:\/\/www.randocabane.fr\/?p=2231"},"modified":"2021-04-07T17:03:26","modified_gmt":"2021-04-07T15:03:26","slug":"les-etapes-pour-organiser-sa-randonnee-la-preparation","status":"publish","type":"post","link":"https:\/\/www.randocabane.fr\/index.php\/2021\/03\/23\/les-etapes-pour-organiser-sa-randonnee-la-preparation\/","title":{"rendered":"Les \u00e9tapes pour organiser sa randonn\u00e9e"},"content":{"rendered":"\n<p>La pr\u00e9paration de sa randonn\u00e9e est importante, d\u00e9couvrez les \u00e9tapes que nous vous conseillons pour un s\u00e9jour agr\u00e9able. RandoCabane vous propose de d\u00e9couvrir de multiples astuces afin que les randonn\u00e9es n\u2019aient plus aucun secret pour vous<\/p>\n\n\n\n<p><\/p>\n\n\n\n<div class=\"wp-block-media-text alignwide is-stacked-on-mobile\" style=\"grid-template-columns:22% auto\"><figure class=\"wp-block-media-text__media\"><img loading=\"lazy\" decoding=\"async\" width=\"250\" height=\"390\" src=\"http:\/\/www.randocabane.fr\/wp-content\/uploads\/2021\/03\/Sans-titre.png\" alt=\"pr\u00e9paration\/organisation randonn\u00e9e\" class=\"wp-image-2237 size-full\" srcset=\"https:\/\/www.randocabane.fr\/wp-content\/uploads\/2021\/03\/Sans-titre.png 250w, https:\/\/www.randocabane.fr\/wp-content\/uploads\/2021\/03\/Sans-titre-192x300.png 192w\" sizes=\"auto, (max-width: 250px) 100vw, 250px\" \/><\/figure><div class=\"wp-block-media-text__content\">\n<h3 class=\"has-text-color wp-block-heading\" style=\"color:#86cddc\">La pr\u00e9paration du s\u00e9jour<\/h3>\n\n\n\n<p>La pr\u00e9paration du s\u00e9jour, consiste \u00e0 choisir les lieux de visites, sa cabane pour dormir, ainsi que tous les petits d\u00e9tails logistiques comme les points de ravitaillement, les lieux de pauses et la r\u00e9partition de vos journ\u00e9es.<\/p>\n\n\n\n<p><em>Pour vous aider d\u00e9couvrez notre astuce sur <a href=\"https:\/\/www.randocabane.fr\/index.php\/2021\/03\/23\/sejour-comment-le-preparer\/\">la pr\u00e9paration de votre s\u00e9jour<\/a><\/em><\/p>\n\n\n\n<h3 class=\"has-text-color wp-block-heading\" style=\"color:#86cddc\">La pr\u00e9paration de l&#8217;itin\u00e9raire<\/h3>\n\n\n\n<p>Il faut prendre en compte certains crit\u00e8res tels que la dur\u00e9e, la difficult\u00e9 du parcours selon le type de terrain, la distance, le d\u00e9nivel\u00e9&#8230;<\/p>\n\n\n\n<p><em>Pour vous aider d\u00e9couvrez notre astuce sur <a href=\"https:\/\/www.randocabane.fr\/index.php\/2021\/03\/22\/itineraire-de-randonnee-comment-le-preparer\/\">la pr\u00e9paration de son itin\u00e9raire<\/a><\/em><\/p>\n<\/div><\/div>\n\n\n\n<p><\/p>\n\n\n\n<h3 class=\"has-text-color wp-block-heading\" style=\"color:#86cddc\">Le choix de l&#8217;\u00e9quipement<\/h3>\n\n\n\n<p>Pr\u00e9voyez et organisez tout le mat\u00e9riel n\u00e9cessaire pour votre randonn\u00e9e : n&#8217;h\u00e9sitez pas \u00e0 faire une liste r\u00e9capitulative. Le mat\u00e9riel comprend notamment les v\u00eatements (regardez les pr\u00e9visions m\u00e9t\u00e9o pour ne pas \u00eatre pris au d\u00e9pourvu !), de quoi s&#8217;hydrater et s&#8217;alimenter, une trousse \u00e0 pharmacie, un t\u00e9l\u00e9phone et une carte.<\/p>\n\n\n\n<p>Pour vous aider d<em>\u00e9couvrez notre astuce sur <a href=\"https:\/\/www.randocabane.fr\/index.php\/2021\/03\/22\/sac-de-randonnee-comment-lorganiser\/\">l&#8217;organisation de son sac de randonn\u00e9e<\/a><\/em><\/p>\n\n\n\n<hr class=\"wp-block-separator has-text-color has-background\" style=\"background-color:#94c11f;color:#94c11f\"\/>\n\n\n\n<p class=\"has-text-align-center\">Cette RandoAstuce vous a plu ? <a href=\"http:\/\/www.randocabane.fr\/wp-content\/uploads\/2021\/03\/RandoAstuces-E\u0301tapes.pdf\" target=\"_blank\" rel=\"noreferrer noopener\">T\u00e9l\u00e9chargez<\/a>-la d\u00e8s maintenant et profitez de notre format PDF pour la visionner sur votre t\u00e9l\u00e9phone et ordinateur.<\/p>\n\n\n\n<p class=\"has-text-align-center\">Vous aimeriez que RandoCabane aborde un sujet sur sa prochaine RandoAstuce ?\u00a0<a href=\"https:\/\/www.randocabane.fr\/#contact\">Dites-le nous !<\/a><\/p>\n\n\n\n<p><\/p>\n\n\n\n<p><em>RandoCabane est une marque commerciale de la soci\u00e9t\u00e9&nbsp;<a href=\"https:\/\/www.nantes-winetour.com\/\" target=\"_blank\" rel=\"noreferrer noopener\">Nantes Wine Tour<\/a><\/em>.<\/p>\n","protected":false},"excerpt":{"rendered":"<p>La pr\u00e9paration de sa randonn\u00e9e est importante, d\u00e9couvrez les \u00e9tapes que nous vous conseillons pour un s\u00e9jour agr\u00e9able. RandoCabane vous propose de d\u00e9couvrir de multiples astuces afin que les randonn\u00e9es &#8230;<\/p>\n","protected":false},"author":2,"featured_media":2237,"comment_status":"closed","ping_status":"closed","sticky":false,"template":"","format":"standard","meta":{"footnotes":""},"categories":[29],"tags":[],"class_list":["post-2231","post","type-post","status-publish","format-standard","has-post-thumbnail","hentry","category-astuces"],"yoast_head":"<!-- This site is optimized with the Yoast SEO plugin v26.4 - https:\/\/yoast.com\/wordpress\/plugins\/seo\/ -->\n<title>La Pr\u00e9paration - Les \u00e9tapes pour organiser sa randonn\u00e9e - Randocabane<\/title>\n<meta name=\"description\" content=\"D\u00e9couvrez comment la pr\u00e9paration de sa randonn\u00e9e. RandoCabane vous propose de d\u00e9couvrir de multiples astuces pour vos randonn\u00e9es.\" \/>\n<meta name=\"robots\" content=\"index, follow, max-snippet:-1, max-image-preview:large, max-video-preview:-1\" \/>\n<link rel=\"canonical\" href=\"https:\/\/www.randocabane.fr\/index.php\/2021\/03\/23\/les-etapes-pour-organiser-sa-randonnee-la-preparation\/\" \/>\n<meta property=\"og:locale\" content=\"fr_FR\" \/>\n<meta property=\"og:type\" content=\"article\" \/>\n<meta property=\"og:title\" content=\"La Pr\u00e9paration - Les \u00e9tapes pour organiser sa randonn\u00e9e - Randocabane\" \/>\n<meta property=\"og:description\" content=\"D\u00e9couvrez comment la pr\u00e9paration de sa randonn\u00e9e. RandoCabane vous propose de d\u00e9couvrir de multiples astuces pour vos randonn\u00e9es.\" \/>\n<meta property=\"og:url\" content=\"https:\/\/www.randocabane.fr\/index.php\/2021\/03\/23\/les-etapes-pour-organiser-sa-randonnee-la-preparation\/\" \/>\n<meta property=\"og:site_name\" content=\"Randocabane\" \/>\n<meta property=\"article:published_time\" content=\"2021-03-23T15:12:15+00:00\" \/>\n<meta property=\"article:modified_time\" content=\"2021-04-07T15:03:26+00:00\" \/>\n<meta property=\"og:image\" content=\"https:\/\/www.randocabane.fr\/wp-content\/uploads\/2021\/03\/Sans-titre.png\" \/>\n\t<meta property=\"og:image:width\" content=\"250\" \/>\n\t<meta property=\"og:image:height\" content=\"390\" \/>\n\t<meta property=\"og:image:type\" content=\"image\/png\" \/>\n<meta name=\"author\" content=\"Franck Pasquier\" \/>\n<meta name=\"twitter:card\" content=\"summary_large_image\" \/>\n<meta name=\"twitter:label1\" content=\"\u00c9crit par\" \/>\n\t<meta name=\"twitter:data1\" content=\"Franck Pasquier\" \/>\n\t<meta name=\"twitter:label2\" content=\"Dur\u00e9e de lecture estim\u00e9e\" \/>\n\t<meta name=\"twitter:data2\" content=\"2 minutes\" \/>\n<script type=\"application\/ld+json\" class=\"yoast-schema-graph\">{\"@context\":\"https:\/\/schema.org\",\"@graph\":[{\"@type\":\"Article\",\"@id\":\"https:\/\/www.randocabane.fr\/index.php\/2021\/03\/23\/les-etapes-pour-organiser-sa-randonnee-la-preparation\/#article\",\"isPartOf\":{\"@id\":\"https:\/\/www.randocabane.fr\/index.php\/2021\/03\/23\/les-etapes-pour-organiser-sa-randonnee-la-preparation\/\"},\"author\":{\"name\":\"Franck Pasquier\",\"@id\":\"https:\/\/www.randocabane.fr\/#\/schema\/person\/8a1da96c4e7bcd540ea090592ccb28df\"},\"headline\":\"Les \u00e9tapes pour organiser sa randonn\u00e9e\",\"datePublished\":\"2021-03-23T15:12:15+00:00\",\"dateModified\":\"2021-04-07T15:03:26+00:00\",\"mainEntityOfPage\":{\"@id\":\"https:\/\/www.randocabane.fr\/index.php\/2021\/03\/23\/les-etapes-pour-organiser-sa-randonnee-la-preparation\/\"},\"wordCount\":299,\"publisher\":{\"@id\":\"https:\/\/www.randocabane.fr\/#organization\"},\"image\":{\"@id\":\"https:\/\/www.randocabane.fr\/index.php\/2021\/03\/23\/les-etapes-pour-organiser-sa-randonnee-la-preparation\/#primaryimage\"},\"thumbnailUrl\":\"https:\/\/www.randocabane.fr\/wp-content\/uploads\/2021\/03\/Sans-titre.png\",\"articleSection\":[\"Astuces\"],\"inLanguage\":\"fr-FR\"},{\"@type\":\"WebPage\",\"@id\":\"https:\/\/www.randocabane.fr\/index.php\/2021\/03\/23\/les-etapes-pour-organiser-sa-randonnee-la-preparation\/\",\"url\":\"https:\/\/www.randocabane.fr\/index.php\/2021\/03\/23\/les-etapes-pour-organiser-sa-randonnee-la-preparation\/\",\"name\":\"La Pr\u00e9paration - Les \u00e9tapes pour organiser sa randonn\u00e9e - Randocabane\",\"isPartOf\":{\"@id\":\"https:\/\/www.randocabane.fr\/#website\"},\"primaryImageOfPage\":{\"@id\":\"https:\/\/www.randocabane.fr\/index.php\/2021\/03\/23\/les-etapes-pour-organiser-sa-randonnee-la-preparation\/#primaryimage\"},\"image\":{\"@id\":\"https:\/\/www.randocabane.fr\/index.php\/2021\/03\/23\/les-etapes-pour-organiser-sa-randonnee-la-preparation\/#primaryimage\"},\"thumbnailUrl\":\"https:\/\/www.randocabane.fr\/wp-content\/uploads\/2021\/03\/Sans-titre.png\",\"datePublished\":\"2021-03-23T15:12:15+00:00\",\"dateModified\":\"2021-04-07T15:03:26+00:00\",\"description\":\"D\u00e9couvrez comment la pr\u00e9paration de sa randonn\u00e9e. RandoCabane vous propose de d\u00e9couvrir de multiples astuces pour vos randonn\u00e9es.\",\"breadcrumb\":{\"@id\":\"https:\/\/www.randocabane.fr\/index.php\/2021\/03\/23\/les-etapes-pour-organiser-sa-randonnee-la-preparation\/#breadcrumb\"},\"inLanguage\":\"fr-FR\",\"potentialAction\":[{\"@type\":\"ReadAction\",\"target\":[\"https:\/\/www.randocabane.fr\/index.php\/2021\/03\/23\/les-etapes-pour-organiser-sa-randonnee-la-preparation\/\"]}]},{\"@type\":\"ImageObject\",\"inLanguage\":\"fr-FR\",\"@id\":\"https:\/\/www.randocabane.fr\/index.php\/2021\/03\/23\/les-etapes-pour-organiser-sa-randonnee-la-preparation\/#primaryimage\",\"url\":\"https:\/\/www.randocabane.fr\/wp-content\/uploads\/2021\/03\/Sans-titre.png\",\"contentUrl\":\"https:\/\/www.randocabane.fr\/wp-content\/uploads\/2021\/03\/Sans-titre.png\",\"width\":250,\"height\":390,\"caption\":\"\u00c9tapes organisation randonn\u00e9e\"},{\"@type\":\"BreadcrumbList\",\"@id\":\"https:\/\/www.randocabane.fr\/index.php\/2021\/03\/23\/les-etapes-pour-organiser-sa-randonnee-la-preparation\/#breadcrumb\",\"itemListElement\":[{\"@type\":\"ListItem\",\"position\":1,\"name\":\"Accueil\",\"item\":\"https:\/\/www.randocabane.fr\/\"},{\"@type\":\"ListItem\",\"position\":2,\"name\":\"Les \u00e9tapes pour organiser sa randonn\u00e9e\"}]},{\"@type\":\"WebSite\",\"@id\":\"https:\/\/www.randocabane.fr\/#website\",\"url\":\"https:\/\/www.randocabane.fr\/\",\"name\":\"Randocabane\",\"description\":\"De cabane en cabane\",\"publisher\":{\"@id\":\"https:\/\/www.randocabane.fr\/#organization\"},\"potentialAction\":[{\"@type\":\"SearchAction\",\"target\":{\"@type\":\"EntryPoint\",\"urlTemplate\":\"https:\/\/www.randocabane.fr\/?s={search_term_string}\"},\"query-input\":{\"@type\":\"PropertyValueSpecification\",\"valueRequired\":true,\"valueName\":\"search_term_string\"}}],\"inLanguage\":\"fr-FR\"},{\"@type\":\"Organization\",\"@id\":\"https:\/\/www.randocabane.fr\/#organization\",\"name\":\"Randocabane\",\"url\":\"https:\/\/www.randocabane.fr\/\",\"logo\":{\"@type\":\"ImageObject\",\"inLanguage\":\"fr-FR\",\"@id\":\"https:\/\/www.randocabane.fr\/#\/schema\/logo\/image\/\",\"url\":\"https:\/\/www.randocabane.fr\/wp-content\/uploads\/2020\/12\/cropped-logo-randocabane-500.jpg\",\"contentUrl\":\"https:\/\/www.randocabane.fr\/wp-content\/uploads\/2020\/12\/cropped-logo-randocabane-500.jpg\",\"width\":500,\"height\":335,\"caption\":\"Randocabane\"},\"image\":{\"@id\":\"https:\/\/www.randocabane.fr\/#\/schema\/logo\/image\/\"}},{\"@type\":\"Person\",\"@id\":\"https:\/\/www.randocabane.fr\/#\/schema\/person\/8a1da96c4e7bcd540ea090592ccb28df\",\"name\":\"Franck Pasquier\",\"image\":{\"@type\":\"ImageObject\",\"inLanguage\":\"fr-FR\",\"@id\":\"https:\/\/www.randocabane.fr\/#\/schema\/person\/image\/\",\"url\":\"https:\/\/secure.gravatar.com\/avatar\/4bcdc1b473ccf0e6a0138ffc175d5ace?s=96&d=mm&r=g\",\"contentUrl\":\"https:\/\/secure.gravatar.com\/avatar\/4bcdc1b473ccf0e6a0138ffc175d5ace?s=96&d=mm&r=g\",\"caption\":\"Franck Pasquier\"},\"url\":\"https:\/\/www.randocabane.fr\/index.php\/author\/fpasquier\/\"}]}<\/script>\n<!-- \/ Yoast SEO plugin. -->","yoast_head_json":{"title":"La Pr\u00e9paration - Les \u00e9tapes pour organiser sa randonn\u00e9e - Randocabane","description":"D\u00e9couvrez comment la pr\u00e9paration de sa randonn\u00e9e. RandoCabane vous propose de d\u00e9couvrir de multiples astuces pour vos randonn\u00e9es.","robots":{"index":"index","follow":"follow","max-snippet":"max-snippet:-1","max-image-preview":"max-image-preview:large","max-video-preview":"max-video-preview:-1"},"canonical":"https:\/\/www.randocabane.fr\/index.php\/2021\/03\/23\/les-etapes-pour-organiser-sa-randonnee-la-preparation\/","og_locale":"fr_FR","og_type":"article","og_title":"La Pr\u00e9paration - Les \u00e9tapes pour organiser sa randonn\u00e9e - Randocabane","og_description":"D\u00e9couvrez comment la pr\u00e9paration de sa randonn\u00e9e. RandoCabane vous propose de d\u00e9couvrir de multiples astuces pour vos randonn\u00e9es.","og_url":"https:\/\/www.randocabane.fr\/index.php\/2021\/03\/23\/les-etapes-pour-organiser-sa-randonnee-la-preparation\/","og_site_name":"Randocabane","article_published_time":"2021-03-23T15:12:15+00:00","article_modified_time":"2021-04-07T15:03:26+00:00","og_image":[{"width":250,"height":390,"url":"https:\/\/www.randocabane.fr\/wp-content\/uploads\/2021\/03\/Sans-titre.png","type":"image\/png"}],"author":"Franck Pasquier","twitter_card":"summary_large_image","twitter_misc":{"\u00c9crit par":"Franck Pasquier","Dur\u00e9e de lecture estim\u00e9e":"2 minutes"},"schema":{"@context":"https:\/\/schema.org","@graph":[{"@type":"Article","@id":"https:\/\/www.randocabane.fr\/index.php\/2021\/03\/23\/les-etapes-pour-organiser-sa-randonnee-la-preparation\/#article","isPartOf":{"@id":"https:\/\/www.randocabane.fr\/index.php\/2021\/03\/23\/les-etapes-pour-organiser-sa-randonnee-la-preparation\/"},"author":{"name":"Franck Pasquier","@id":"https:\/\/www.randocabane.fr\/#\/schema\/person\/8a1da96c4e7bcd540ea090592ccb28df"},"headline":"Les \u00e9tapes pour organiser sa randonn\u00e9e","datePublished":"2021-03-23T15:12:15+00:00","dateModified":"2021-04-07T15:03:26+00:00","mainEntityOfPage":{"@id":"https:\/\/www.randocabane.fr\/index.php\/2021\/03\/23\/les-etapes-pour-organiser-sa-randonnee-la-preparation\/"},"wordCount":299,"publisher":{"@id":"https:\/\/www.randocabane.fr\/#organization"},"image":{"@id":"https:\/\/www.randocabane.fr\/index.php\/2021\/03\/23\/les-etapes-pour-organiser-sa-randonnee-la-preparation\/#primaryimage"},"thumbnailUrl":"https:\/\/www.randocabane.fr\/wp-content\/uploads\/2021\/03\/Sans-titre.png","articleSection":["Astuces"],"inLanguage":"fr-FR"},{"@type":"WebPage","@id":"https:\/\/www.randocabane.fr\/index.php\/2021\/03\/23\/les-etapes-pour-organiser-sa-randonnee-la-preparation\/","url":"https:\/\/www.randocabane.fr\/index.php\/2021\/03\/23\/les-etapes-pour-organiser-sa-randonnee-la-preparation\/","name":"La Pr\u00e9paration - Les \u00e9tapes pour organiser sa randonn\u00e9e - Randocabane","isPartOf":{"@id":"https:\/\/www.randocabane.fr\/#website"},"primaryImageOfPage":{"@id":"https:\/\/www.randocabane.fr\/index.php\/2021\/03\/23\/les-etapes-pour-organiser-sa-randonnee-la-preparation\/#primaryimage"},"image":{"@id":"https:\/\/www.randocabane.fr\/index.php\/2021\/03\/23\/les-etapes-pour-organiser-sa-randonnee-la-preparation\/#primaryimage"},"thumbnailUrl":"https:\/\/www.randocabane.fr\/wp-content\/uploads\/2021\/03\/Sans-titre.png","datePublished":"2021-03-23T15:12:15+00:00","dateModified":"2021-04-07T15:03:26+00:00","description":"D\u00e9couvrez comment la pr\u00e9paration de sa randonn\u00e9e. RandoCabane vous propose de d\u00e9couvrir de multiples astuces pour vos randonn\u00e9es.","breadcrumb":{"@id":"https:\/\/www.randocabane.fr\/index.php\/2021\/03\/23\/les-etapes-pour-organiser-sa-randonnee-la-preparation\/#breadcrumb"},"inLanguage":"fr-FR","potentialAction":[{"@type":"ReadAction","target":["https:\/\/www.randocabane.fr\/index.php\/2021\/03\/23\/les-etapes-pour-organiser-sa-randonnee-la-preparation\/"]}]},{"@type":"ImageObject","inLanguage":"fr-FR","@id":"https:\/\/www.randocabane.fr\/index.php\/2021\/03\/23\/les-etapes-pour-organiser-sa-randonnee-la-preparation\/#primaryimage","url":"https:\/\/www.randocabane.fr\/wp-content\/uploads\/2021\/03\/Sans-titre.png","contentUrl":"https:\/\/www.randocabane.fr\/wp-content\/uploads\/2021\/03\/Sans-titre.png","width":250,"height":390,"caption":"\u00c9tapes organisation randonn\u00e9e"},{"@type":"BreadcrumbList","@id":"https:\/\/www.randocabane.fr\/index.php\/2021\/03\/23\/les-etapes-pour-organiser-sa-randonnee-la-preparation\/#breadcrumb","itemListElement":[{"@type":"ListItem","position":1,"name":"Accueil","item":"https:\/\/www.randocabane.fr\/"},{"@type":"ListItem","position":2,"name":"Les \u00e9tapes pour organiser sa randonn\u00e9e"}]},{"@type":"WebSite","@id":"https:\/\/www.randocabane.fr\/#website","url":"https:\/\/www.randocabane.fr\/","name":"Randocabane","description":"De cabane en cabane","publisher":{"@id":"https:\/\/www.randocabane.fr\/#organization"},"potentialAction":[{"@type":"SearchAction","target":{"@type":"EntryPoint","urlTemplate":"https:\/\/www.randocabane.fr\/?s={search_term_string}"},"query-input":{"@type":"PropertyValueSpecification","valueRequired":true,"valueName":"search_term_string"}}],"inLanguage":"fr-FR"},{"@type":"Organization","@id":"https:\/\/www.randocabane.fr\/#organization","name":"Randocabane","url":"https:\/\/www.randocabane.fr\/","logo":{"@type":"ImageObject","inLanguage":"fr-FR","@id":"https:\/\/www.randocabane.fr\/#\/schema\/logo\/image\/","url":"https:\/\/www.randocabane.fr\/wp-content\/uploads\/2020\/12\/cropped-logo-randocabane-500.jpg","contentUrl":"https:\/\/www.randocabane.fr\/wp-content\/uploads\/2020\/12\/cropped-logo-randocabane-500.jpg","width":500,"height":335,"caption":"Randocabane"},"image":{"@id":"https:\/\/www.randocabane.fr\/#\/schema\/logo\/image\/"}},{"@type":"Person","@id":"https:\/\/www.randocabane.fr\/#\/schema\/person\/8a1da96c4e7bcd540ea090592ccb28df","name":"Franck Pasquier","image":{"@type":"ImageObject","inLanguage":"fr-FR","@id":"https:\/\/www.randocabane.fr\/#\/schema\/person\/image\/","url":"https:\/\/secure.gravatar.com\/avatar\/4bcdc1b473ccf0e6a0138ffc175d5ace?s=96&d=mm&r=g","contentUrl":"https:\/\/secure.gravatar.com\/avatar\/4bcdc1b473ccf0e6a0138ffc175d5ace?s=96&d=mm&r=g","caption":"Franck Pasquier"},"url":"https:\/\/www.randocabane.fr\/index.php\/author\/fpasquier\/"}]}},"_links":{"self":[{"href":"https:\/\/www.randocabane.fr\/index.php\/wp-json\/wp\/v2\/posts\/2231","targetHints":{"allow":["GET"]}}],"collection":[{"href":"https:\/\/www.randocabane.fr\/index.php\/wp-json\/wp\/v2\/posts"}],"about":[{"href":"https:\/\/www.randocabane.fr\/index.php\/wp-json\/wp\/v2\/types\/post"}],"author":[{"embeddable":true,"href":"https:\/\/www.randocabane.fr\/index.php\/wp-json\/wp\/v2\/users\/2"}],"replies":[{"embeddable":true,"href":"https:\/\/www.randocabane.fr\/index.php\/wp-json\/wp\/v2\/comments?post=2231"}],"version-history":[{"count":16,"href":"https:\/\/www.randocabane.fr\/index.php\/wp-json\/wp\/v2\/posts\/2231\/revisions"}],"predecessor-version":[{"id":2520,"href":"https:\/\/www.randocabane.fr\/index.php\/wp-json\/wp\/v2\/posts\/2231\/revisions\/2520"}],"wp:featuredmedia":[{"embeddable":true,"href":"https:\/\/www.randocabane.fr\/index.php\/wp-json\/wp\/v2\/media\/2237"}],"wp:attachment":[{"href":"https:\/\/www.randocabane.fr\/index.php\/wp-json\/wp\/v2\/media?parent=2231"}],"wp:term":[{"taxonomy":"category","embeddable":true,"href":"https:\/\/www.randocabane.fr\/index.php\/wp-json\/wp\/v2\/categories?post=2231"},{"taxonomy":"post_tag","embeddable":true,"href":"https:\/\/www.randocabane.fr\/index.php\/wp-json\/wp\/v2\/tags?post=2231"}],"curies":[{"name":"wp","href":"https:\/\/api.w.org\/{rel}","templated":true}]}}