{"id":3085,"date":"2021-07-21T16:36:14","date_gmt":"2021-07-21T14:36:14","guid":{"rendered":"https:\/\/www.randocabane.fr\/?p=3085"},"modified":"2021-07-29T15:17:57","modified_gmt":"2021-07-29T13:17:57","slug":"les-communs-de-village","status":"publish","type":"post","link":"https:\/\/www.randocabane.fr\/index.php\/2021\/07\/21\/les-communs-de-village\/","title":{"rendered":"Les Communs de village"},"content":{"rendered":"\n<h2 class=\"wp-block-heading\">Un h\u00e9ritage r\u00e9gional<\/h2>\n\n\n\n<p class=\"has-text-align-left\">Si vous \u00eates lig\u00e9rien, vous \u00eates forc\u00e9ment d\u00e9j\u00e0 pass\u00e9 devant\u2026 Un ancien pressoir, un four \u00e0 pain ou un puits au milieu d\u2019un village, ils sont l\u00e0 depuis toujours et nous y pr\u00eatons rarement attention. Pourtant, ces \u00ab&nbsp;vestiges&nbsp;\u00bb t\u00e9moignent d\u2019un pass\u00e9 commun, celle (justement) des <strong>villages \u00e0 communs<\/strong>. <\/p>\n\n\n\n<p class=\"has-text-align-left\">Les communs de village, des parcelles appartenant \u00e0 l\u2019ensemble des habitants d\u2019un hameau, remontent au Moyen-\u00c2ge&nbsp;; tous les villageois y avaient acc\u00e8s sans restriction. Ils \u00e9taient utilis\u00e9s pour les travaux agricoles, pour stocker ou travailler les r\u00e9coltes. Les communs pouvaient donc accueillir un puits, un four ou un calvaire, et se situaient au sein du village ou bien en p\u00e9riph\u00e9rie.<\/p>\n\n\n\n<p>En mai 2017, le <strong>Pays d\u2019art et d\u2019histoire du Vignoble Nantais<\/strong> et la R\u00e9gion des Pays de la Loire ont mis en place une exposition sur les villages \u00e0 communs du Vignoble de Nantes, intitul\u00e9e <em>Communs&nbsp;: aire de village<\/em>. Retra\u00e7ant l\u2019histoire de ces lieux, l\u2019\u00e9tude a recens\u00e9 plus de 1000 villages \u00e0 communs r\u00e9partis dans les 29 communes de la r\u00e9gion. <\/p>\n\n\n\n<p>Le droit d\u2019usage collectif s\u2019est vu transform\u00e9 par l\u2019abolition des privil\u00e8ges en 1789, ce qui donna naissance au droit de propri\u00e9t\u00e9. Les espaces communs permettaient d\u2019am\u00e9liorer les conditions de vie de tous, dans un esprit de solidarit\u00e9.<\/p>\n\n\n\n<p>Aujourd\u2019hui, les b\u00e2timents construits sous l\u2019Ancien R\u00e9gime et conserv\u00e9s au c\u0153ur des villages font enti\u00e8rement partie du patrimoine du Pays du Vignoble Nantais. Avec la modernisation de l\u2019agriculture, les parcelles, \u00e9difices et outils d\u2019antan sont devenus des endroits et des instruments de vie collective. Parfois convertis en simple parkings, ils peuvent \u00e9galement servir de lieux de rencontres et de festivit\u00e9s, et l\u2019on peut voir plusieurs communs se couvrir de fleurs \u00e0 l\u2019arriv\u00e9e du printemps&nbsp;!<\/p>\n\n\n\n<p>Lors de votre prochaine randonn\u00e9e, vous passerez peut-\u00eatre devant l\u2019ancien pressoir de La Haie Trois Sous \u00e0 Maisdon sur S\u00e8vre, le four \u00e0 pain du P\u00e9 de S\u00e8vre au Pallet, ou encore le puits de la Barill\u00e8re \u00e0 Mouzillon\u2026 <\/p>\n\n\n\n<p>Arr\u00eatez-vous quelques instants, et contemplez ces ruines arch\u00e9ologiques&nbsp;!<\/p>\n\n\n\n<p><\/p>\n\n\n\n<div class=\"wp-block-image\"><figure class=\"aligncenter size-large\"><img loading=\"lazy\" decoding=\"async\" width=\"1024\" height=\"1024\" src=\"https:\/\/www.randocabane.fr\/wp-content\/uploads\/2021\/07\/218066150_468563667546004_1311471982769191529_n-1024x1024.jpg\" alt=\"\" class=\"wp-image-3086\" srcset=\"https:\/\/www.randocabane.fr\/wp-content\/uploads\/2021\/07\/218066150_468563667546004_1311471982769191529_n-1024x1024.jpg 1024w, https:\/\/www.randocabane.fr\/wp-content\/uploads\/2021\/07\/218066150_468563667546004_1311471982769191529_n-300x300.jpg 300w, https:\/\/www.randocabane.fr\/wp-content\/uploads\/2021\/07\/218066150_468563667546004_1311471982769191529_n-150x150.jpg 150w, https:\/\/www.randocabane.fr\/wp-content\/uploads\/2021\/07\/218066150_468563667546004_1311471982769191529_n-768x768.jpg 768w, https:\/\/www.randocabane.fr\/wp-content\/uploads\/2021\/07\/218066150_468563667546004_1311471982769191529_n.jpg 1440w\" sizes=\"auto, (max-width: 1024px) 100vw, 1024px\" \/><figcaption>L&#8217;ancien pressoir de la Haie Trois Sous, Maisdon sur S\u00e8vre<\/figcaption><\/figure><\/div>\n\n\n\n<blockquote class=\"wp-block-quote is-layout-flow wp-block-quote-is-layout-flow\"><p><\/p><cite><em>Source: Communs : air(e) de village, dossier de presse. Mai 2017. Disponible \u00e0 l&#8217;adresse: <a href=\"http:\/\/www.vignoble-nantais.eu\/fileadmin\/SCOT\/06_PAH\/06_LaDocumentation\/DP_Communs.pdf\">http:\/\/www.vignoble-nantais.eu\/fileadmin\/SCOT\/06_PAH\/06_LaDocumentation\/DP_Communs.pdf<\/a><\/em><\/cite><\/blockquote>\n\n\n\n<p><\/p>\n","protected":false},"excerpt":{"rendered":"<p>Un h\u00e9ritage r\u00e9gional Si vous \u00eates lig\u00e9rien, vous \u00eates forc\u00e9ment d\u00e9j\u00e0 pass\u00e9 devant\u2026 Un ancien pressoir, un four \u00e0 pain ou un puits au milieu d\u2019un village, ils sont l\u00e0 &#8230;<\/p>\n","protected":false},"author":9,"featured_media":3086,"comment_status":"closed","ping_status":"closed","sticky":false,"template":"","format":"standard","meta":{"footnotes":""},"categories":[30,32],"tags":[],"class_list":["post-3085","post","type-post","status-publish","format-standard","has-post-thumbnail","hentry","category-actualites","category-nouvelles"],"yoast_head":"<!-- This site is optimized with the Yoast SEO plugin v26.4 - https:\/\/yoast.com\/wordpress\/plugins\/seo\/ -->\n<title>Les Communs de village - Randocabane<\/title>\n<meta name=\"robots\" content=\"index, follow, max-snippet:-1, max-image-preview:large, max-video-preview:-1\" \/>\n<link rel=\"canonical\" href=\"https:\/\/www.randocabane.fr\/index.php\/2021\/07\/21\/les-communs-de-village\/\" \/>\n<meta property=\"og:locale\" content=\"fr_FR\" \/>\n<meta property=\"og:type\" content=\"article\" \/>\n<meta property=\"og:title\" content=\"Les Communs de village - Randocabane\" \/>\n<meta property=\"og:description\" content=\"Un h\u00e9ritage r\u00e9gional Si vous \u00eates lig\u00e9rien, vous \u00eates forc\u00e9ment d\u00e9j\u00e0 pass\u00e9 devant\u2026 Un ancien pressoir, un four \u00e0 pain ou un puits au milieu d\u2019un village, ils sont l\u00e0 ...\" \/>\n<meta property=\"og:url\" content=\"https:\/\/www.randocabane.fr\/index.php\/2021\/07\/21\/les-communs-de-village\/\" \/>\n<meta property=\"og:site_name\" content=\"Randocabane\" \/>\n<meta property=\"article:published_time\" content=\"2021-07-21T14:36:14+00:00\" \/>\n<meta property=\"article:modified_time\" content=\"2021-07-29T13:17:57+00:00\" \/>\n<meta property=\"og:image\" content=\"https:\/\/www.randocabane.fr\/wp-content\/uploads\/2021\/07\/218066150_468563667546004_1311471982769191529_n.jpg\" \/>\n\t<meta property=\"og:image:width\" content=\"1440\" \/>\n\t<meta property=\"og:image:height\" content=\"1440\" \/>\n\t<meta property=\"og:image:type\" content=\"image\/jpeg\" \/>\n<meta name=\"author\" content=\"H\u00e9lo\u00efse Rigaud\" \/>\n<meta name=\"twitter:card\" content=\"summary_large_image\" \/>\n<meta name=\"twitter:label1\" content=\"\u00c9crit par\" \/>\n\t<meta name=\"twitter:data1\" content=\"H\u00e9lo\u00efse Rigaud\" \/>\n\t<meta name=\"twitter:label2\" content=\"Dur\u00e9e de lecture estim\u00e9e\" \/>\n\t<meta name=\"twitter:data2\" content=\"2 minutes\" \/>\n<script type=\"application\/ld+json\" class=\"yoast-schema-graph\">{\"@context\":\"https:\/\/schema.org\",\"@graph\":[{\"@type\":\"Article\",\"@id\":\"https:\/\/www.randocabane.fr\/index.php\/2021\/07\/21\/les-communs-de-village\/#article\",\"isPartOf\":{\"@id\":\"https:\/\/www.randocabane.fr\/index.php\/2021\/07\/21\/les-communs-de-village\/\"},\"author\":{\"name\":\"H\u00e9lo\u00efse Rigaud\",\"@id\":\"https:\/\/www.randocabane.fr\/#\/schema\/person\/444eb63dbc843cffed42e2da1008a0a8\"},\"headline\":\"Les Communs de village\",\"datePublished\":\"2021-07-21T14:36:14+00:00\",\"dateModified\":\"2021-07-29T13:17:57+00:00\",\"mainEntityOfPage\":{\"@id\":\"https:\/\/www.randocabane.fr\/index.php\/2021\/07\/21\/les-communs-de-village\/\"},\"wordCount\":417,\"publisher\":{\"@id\":\"https:\/\/www.randocabane.fr\/#organization\"},\"image\":{\"@id\":\"https:\/\/www.randocabane.fr\/index.php\/2021\/07\/21\/les-communs-de-village\/#primaryimage\"},\"thumbnailUrl\":\"https:\/\/www.randocabane.fr\/wp-content\/uploads\/2021\/07\/218066150_468563667546004_1311471982769191529_n.jpg\",\"articleSection\":[\"Actualit\u00e9s\",\"Nouvelles\"],\"inLanguage\":\"fr-FR\"},{\"@type\":\"WebPage\",\"@id\":\"https:\/\/www.randocabane.fr\/index.php\/2021\/07\/21\/les-communs-de-village\/\",\"url\":\"https:\/\/www.randocabane.fr\/index.php\/2021\/07\/21\/les-communs-de-village\/\",\"name\":\"Les Communs de village - Randocabane\",\"isPartOf\":{\"@id\":\"https:\/\/www.randocabane.fr\/#website\"},\"primaryImageOfPage\":{\"@id\":\"https:\/\/www.randocabane.fr\/index.php\/2021\/07\/21\/les-communs-de-village\/#primaryimage\"},\"image\":{\"@id\":\"https:\/\/www.randocabane.fr\/index.php\/2021\/07\/21\/les-communs-de-village\/#primaryimage\"},\"thumbnailUrl\":\"https:\/\/www.randocabane.fr\/wp-content\/uploads\/2021\/07\/218066150_468563667546004_1311471982769191529_n.jpg\",\"datePublished\":\"2021-07-21T14:36:14+00:00\",\"dateModified\":\"2021-07-29T13:17:57+00:00\",\"breadcrumb\":{\"@id\":\"https:\/\/www.randocabane.fr\/index.php\/2021\/07\/21\/les-communs-de-village\/#breadcrumb\"},\"inLanguage\":\"fr-FR\",\"potentialAction\":[{\"@type\":\"ReadAction\",\"target\":[\"https:\/\/www.randocabane.fr\/index.php\/2021\/07\/21\/les-communs-de-village\/\"]}]},{\"@type\":\"ImageObject\",\"inLanguage\":\"fr-FR\",\"@id\":\"https:\/\/www.randocabane.fr\/index.php\/2021\/07\/21\/les-communs-de-village\/#primaryimage\",\"url\":\"https:\/\/www.randocabane.fr\/wp-content\/uploads\/2021\/07\/218066150_468563667546004_1311471982769191529_n.jpg\",\"contentUrl\":\"https:\/\/www.randocabane.fr\/wp-content\/uploads\/2021\/07\/218066150_468563667546004_1311471982769191529_n.jpg\",\"width\":1440,\"height\":1440,\"caption\":\"pressoir la haie trois sous\"},{\"@type\":\"BreadcrumbList\",\"@id\":\"https:\/\/www.randocabane.fr\/index.php\/2021\/07\/21\/les-communs-de-village\/#breadcrumb\",\"itemListElement\":[{\"@type\":\"ListItem\",\"position\":1,\"name\":\"Accueil\",\"item\":\"https:\/\/www.randocabane.fr\/\"},{\"@type\":\"ListItem\",\"position\":2,\"name\":\"Les Communs de village\"}]},{\"@type\":\"WebSite\",\"@id\":\"https:\/\/www.randocabane.fr\/#website\",\"url\":\"https:\/\/www.randocabane.fr\/\",\"name\":\"Randocabane\",\"description\":\"De cabane en cabane\",\"publisher\":{\"@id\":\"https:\/\/www.randocabane.fr\/#organization\"},\"potentialAction\":[{\"@type\":\"SearchAction\",\"target\":{\"@type\":\"EntryPoint\",\"urlTemplate\":\"https:\/\/www.randocabane.fr\/?s={search_term_string}\"},\"query-input\":{\"@type\":\"PropertyValueSpecification\",\"valueRequired\":true,\"valueName\":\"search_term_string\"}}],\"inLanguage\":\"fr-FR\"},{\"@type\":\"Organization\",\"@id\":\"https:\/\/www.randocabane.fr\/#organization\",\"name\":\"Randocabane\",\"url\":\"https:\/\/www.randocabane.fr\/\",\"logo\":{\"@type\":\"ImageObject\",\"inLanguage\":\"fr-FR\",\"@id\":\"https:\/\/www.randocabane.fr\/#\/schema\/logo\/image\/\",\"url\":\"https:\/\/www.randocabane.fr\/wp-content\/uploads\/2020\/12\/cropped-logo-randocabane-500.jpg\",\"contentUrl\":\"https:\/\/www.randocabane.fr\/wp-content\/uploads\/2020\/12\/cropped-logo-randocabane-500.jpg\",\"width\":500,\"height\":335,\"caption\":\"Randocabane\"},\"image\":{\"@id\":\"https:\/\/www.randocabane.fr\/#\/schema\/logo\/image\/\"}},{\"@type\":\"Person\",\"@id\":\"https:\/\/www.randocabane.fr\/#\/schema\/person\/444eb63dbc843cffed42e2da1008a0a8\",\"name\":\"H\u00e9lo\u00efse Rigaud\",\"image\":{\"@type\":\"ImageObject\",\"inLanguage\":\"fr-FR\",\"@id\":\"https:\/\/www.randocabane.fr\/#\/schema\/person\/image\/\",\"url\":\"https:\/\/secure.gravatar.com\/avatar\/ac7543b31ed8c8dbc5720d6db63b93e3?s=96&d=mm&r=g\",\"contentUrl\":\"https:\/\/secure.gravatar.com\/avatar\/ac7543b31ed8c8dbc5720d6db63b93e3?s=96&d=mm&r=g\",\"caption\":\"H\u00e9lo\u00efse Rigaud\"},\"url\":\"https:\/\/www.randocabane.fr\/index.php\/author\/hrigaud\/\"}]}<\/script>\n<!-- \/ Yoast SEO plugin. -->","yoast_head_json":{"title":"Les Communs de village - Randocabane","robots":{"index":"index","follow":"follow","max-snippet":"max-snippet:-1","max-image-preview":"max-image-preview:large","max-video-preview":"max-video-preview:-1"},"canonical":"https:\/\/www.randocabane.fr\/index.php\/2021\/07\/21\/les-communs-de-village\/","og_locale":"fr_FR","og_type":"article","og_title":"Les Communs de village - Randocabane","og_description":"Un h\u00e9ritage r\u00e9gional Si vous \u00eates lig\u00e9rien, vous \u00eates forc\u00e9ment d\u00e9j\u00e0 pass\u00e9 devant\u2026 Un ancien pressoir, un four \u00e0 pain ou un puits au milieu d\u2019un village, ils sont l\u00e0 ...","og_url":"https:\/\/www.randocabane.fr\/index.php\/2021\/07\/21\/les-communs-de-village\/","og_site_name":"Randocabane","article_published_time":"2021-07-21T14:36:14+00:00","article_modified_time":"2021-07-29T13:17:57+00:00","og_image":[{"width":1440,"height":1440,"url":"https:\/\/www.randocabane.fr\/wp-content\/uploads\/2021\/07\/218066150_468563667546004_1311471982769191529_n.jpg","type":"image\/jpeg"}],"author":"H\u00e9lo\u00efse Rigaud","twitter_card":"summary_large_image","twitter_misc":{"\u00c9crit par":"H\u00e9lo\u00efse Rigaud","Dur\u00e9e de lecture estim\u00e9e":"2 minutes"},"schema":{"@context":"https:\/\/schema.org","@graph":[{"@type":"Article","@id":"https:\/\/www.randocabane.fr\/index.php\/2021\/07\/21\/les-communs-de-village\/#article","isPartOf":{"@id":"https:\/\/www.randocabane.fr\/index.php\/2021\/07\/21\/les-communs-de-village\/"},"author":{"name":"H\u00e9lo\u00efse Rigaud","@id":"https:\/\/www.randocabane.fr\/#\/schema\/person\/444eb63dbc843cffed42e2da1008a0a8"},"headline":"Les Communs de village","datePublished":"2021-07-21T14:36:14+00:00","dateModified":"2021-07-29T13:17:57+00:00","mainEntityOfPage":{"@id":"https:\/\/www.randocabane.fr\/index.php\/2021\/07\/21\/les-communs-de-village\/"},"wordCount":417,"publisher":{"@id":"https:\/\/www.randocabane.fr\/#organization"},"image":{"@id":"https:\/\/www.randocabane.fr\/index.php\/2021\/07\/21\/les-communs-de-village\/#primaryimage"},"thumbnailUrl":"https:\/\/www.randocabane.fr\/wp-content\/uploads\/2021\/07\/218066150_468563667546004_1311471982769191529_n.jpg","articleSection":["Actualit\u00e9s","Nouvelles"],"inLanguage":"fr-FR"},{"@type":"WebPage","@id":"https:\/\/www.randocabane.fr\/index.php\/2021\/07\/21\/les-communs-de-village\/","url":"https:\/\/www.randocabane.fr\/index.php\/2021\/07\/21\/les-communs-de-village\/","name":"Les Communs de village - Randocabane","isPartOf":{"@id":"https:\/\/www.randocabane.fr\/#website"},"primaryImageOfPage":{"@id":"https:\/\/www.randocabane.fr\/index.php\/2021\/07\/21\/les-communs-de-village\/#primaryimage"},"image":{"@id":"https:\/\/www.randocabane.fr\/index.php\/2021\/07\/21\/les-communs-de-village\/#primaryimage"},"thumbnailUrl":"https:\/\/www.randocabane.fr\/wp-content\/uploads\/2021\/07\/218066150_468563667546004_1311471982769191529_n.jpg","datePublished":"2021-07-21T14:36:14+00:00","dateModified":"2021-07-29T13:17:57+00:00","breadcrumb":{"@id":"https:\/\/www.randocabane.fr\/index.php\/2021\/07\/21\/les-communs-de-village\/#breadcrumb"},"inLanguage":"fr-FR","potentialAction":[{"@type":"ReadAction","target":["https:\/\/www.randocabane.fr\/index.php\/2021\/07\/21\/les-communs-de-village\/"]}]},{"@type":"ImageObject","inLanguage":"fr-FR","@id":"https:\/\/www.randocabane.fr\/index.php\/2021\/07\/21\/les-communs-de-village\/#primaryimage","url":"https:\/\/www.randocabane.fr\/wp-content\/uploads\/2021\/07\/218066150_468563667546004_1311471982769191529_n.jpg","contentUrl":"https:\/\/www.randocabane.fr\/wp-content\/uploads\/2021\/07\/218066150_468563667546004_1311471982769191529_n.jpg","width":1440,"height":1440,"caption":"pressoir la haie trois sous"},{"@type":"BreadcrumbList","@id":"https:\/\/www.randocabane.fr\/index.php\/2021\/07\/21\/les-communs-de-village\/#breadcrumb","itemListElement":[{"@type":"ListItem","position":1,"name":"Accueil","item":"https:\/\/www.randocabane.fr\/"},{"@type":"ListItem","position":2,"name":"Les Communs de village"}]},{"@type":"WebSite","@id":"https:\/\/www.randocabane.fr\/#website","url":"https:\/\/www.randocabane.fr\/","name":"Randocabane","description":"De cabane en cabane","publisher":{"@id":"https:\/\/www.randocabane.fr\/#organization"},"potentialAction":[{"@type":"SearchAction","target":{"@type":"EntryPoint","urlTemplate":"https:\/\/www.randocabane.fr\/?s={search_term_string}"},"query-input":{"@type":"PropertyValueSpecification","valueRequired":true,"valueName":"search_term_string"}}],"inLanguage":"fr-FR"},{"@type":"Organization","@id":"https:\/\/www.randocabane.fr\/#organization","name":"Randocabane","url":"https:\/\/www.randocabane.fr\/","logo":{"@type":"ImageObject","inLanguage":"fr-FR","@id":"https:\/\/www.randocabane.fr\/#\/schema\/logo\/image\/","url":"https:\/\/www.randocabane.fr\/wp-content\/uploads\/2020\/12\/cropped-logo-randocabane-500.jpg","contentUrl":"https:\/\/www.randocabane.fr\/wp-content\/uploads\/2020\/12\/cropped-logo-randocabane-500.jpg","width":500,"height":335,"caption":"Randocabane"},"image":{"@id":"https:\/\/www.randocabane.fr\/#\/schema\/logo\/image\/"}},{"@type":"Person","@id":"https:\/\/www.randocabane.fr\/#\/schema\/person\/444eb63dbc843cffed42e2da1008a0a8","name":"H\u00e9lo\u00efse Rigaud","image":{"@type":"ImageObject","inLanguage":"fr-FR","@id":"https:\/\/www.randocabane.fr\/#\/schema\/person\/image\/","url":"https:\/\/secure.gravatar.com\/avatar\/ac7543b31ed8c8dbc5720d6db63b93e3?s=96&d=mm&r=g","contentUrl":"https:\/\/secure.gravatar.com\/avatar\/ac7543b31ed8c8dbc5720d6db63b93e3?s=96&d=mm&r=g","caption":"H\u00e9lo\u00efse Rigaud"},"url":"https:\/\/www.randocabane.fr\/index.php\/author\/hrigaud\/"}]}},"_links":{"self":[{"href":"https:\/\/www.randocabane.fr\/index.php\/wp-json\/wp\/v2\/posts\/3085","targetHints":{"allow":["GET"]}}],"collection":[{"href":"https:\/\/www.randocabane.fr\/index.php\/wp-json\/wp\/v2\/posts"}],"about":[{"href":"https:\/\/www.randocabane.fr\/index.php\/wp-json\/wp\/v2\/types\/post"}],"author":[{"embeddable":true,"href":"https:\/\/www.randocabane.fr\/index.php\/wp-json\/wp\/v2\/users\/9"}],"replies":[{"embeddable":true,"href":"https:\/\/www.randocabane.fr\/index.php\/wp-json\/wp\/v2\/comments?post=3085"}],"version-history":[{"count":5,"href":"https:\/\/www.randocabane.fr\/index.php\/wp-json\/wp\/v2\/posts\/3085\/revisions"}],"predecessor-version":[{"id":3098,"href":"https:\/\/www.randocabane.fr\/index.php\/wp-json\/wp\/v2\/posts\/3085\/revisions\/3098"}],"wp:featuredmedia":[{"embeddable":true,"href":"https:\/\/www.randocabane.fr\/index.php\/wp-json\/wp\/v2\/media\/3086"}],"wp:attachment":[{"href":"https:\/\/www.randocabane.fr\/index.php\/wp-json\/wp\/v2\/media?parent=3085"}],"wp:term":[{"taxonomy":"category","embeddable":true,"href":"https:\/\/www.randocabane.fr\/index.php\/wp-json\/wp\/v2\/categories?post=3085"},{"taxonomy":"post_tag","embeddable":true,"href":"https:\/\/www.randocabane.fr\/index.php\/wp-json\/wp\/v2\/tags?post=3085"}],"curies":[{"name":"wp","href":"https:\/\/api.w.org\/{rel}","templated":true}]}}