{"id":3473,"date":"2026-03-14T09:31:45","date_gmt":"2026-03-14T08:31:45","guid":{"rendered":"https:\/\/www.randocabane.fr\/?p=3473"},"modified":"2026-03-14T09:44:53","modified_gmt":"2026-03-14T08:44:53","slug":"randonnee-des-cabanes-au-porte-vue","status":"publish","type":"post","link":"https:\/\/www.randocabane.fr\/index.php\/2026\/03\/14\/randonnee-des-cabanes-au-porte-vue\/","title":{"rendered":"Randonn\u00e9e des cabanes au Porte-Vue &#8211; 2026"},"content":{"rendered":"\n<h2 class=\"wp-block-heading\">2h00 de randonn\u00e9e  pour d\u00e9couvrir le site du belv\u00e9d\u00e8re \u00e0 Ch\u00e2teau-Th\u00e9baud<\/h2>\n\n\n\n<p>Au d\u00e9part des cabanes, une randonn\u00e9e p\u00e9destre d&#8217;environ 2 heures aller-retour. Itin\u00e9raire facile en longeant la rivi\u00e8re Maine ou \u00e0 travers les vignes. Plusieurs variantes sont possibles en fonction de votre de niveau ou du temps de randonn\u00e9e souhait\u00e9e.<\/p>\n\n\n\n<p>Retrouver les traces GPS dans notre rubrique Randonn\u00e9es p\u00e9destres au d\u00e9part des cabanes.<\/p>\n\n\n\n<p>Restauration possible \u00e0 la <a href=\"https:\/\/guinguettepontcaffino.fr\/la-guinguette\/\">Guinguette de Pont Caffino<\/a> ou la <a href=\"https:\/\/www.guinguettelahuchette.com\/\">Guinguette la Huchette<\/a> \u00e0 10mn \u00e0 pieds, attention ouvertures saisonni\u00e8res.<\/p>\n\n\n\n<p><\/p>\n\n\n\n<p><\/p>\n","protected":false},"excerpt":{"rendered":"<p>2h00 de randonn\u00e9e pour d\u00e9couvrir le site du belv\u00e9d\u00e8re \u00e0 Ch\u00e2teau-Th\u00e9baud Au d\u00e9part des cabanes, une randonn\u00e9e p\u00e9destre d&#8217;environ 2 heures aller-retour. Itin\u00e9raire facile en longeant la rivi\u00e8re Maine ou &#8230;<\/p>\n","protected":false},"author":2,"featured_media":3477,"comment_status":"closed","ping_status":"open","sticky":false,"template":"","format":"standard","meta":{"footnotes":""},"categories":[30,32],"tags":[],"class_list":["post-3473","post","type-post","status-publish","format-standard","has-post-thumbnail","hentry","category-actualites","category-nouvelles"],"yoast_head":"<!-- This site is optimized with the Yoast SEO plugin v26.4 - https:\/\/yoast.com\/wordpress\/plugins\/seo\/ -->\n<title>Randonn\u00e9e des cabanes au Porte-Vue - 2026 - Randocabane<\/title>\n<meta name=\"robots\" content=\"index, follow, max-snippet:-1, max-image-preview:large, max-video-preview:-1\" \/>\n<link rel=\"canonical\" href=\"https:\/\/www.randocabane.fr\/index.php\/2026\/03\/14\/randonnee-des-cabanes-au-porte-vue\/\" \/>\n<meta property=\"og:locale\" content=\"fr_FR\" \/>\n<meta property=\"og:type\" content=\"article\" \/>\n<meta property=\"og:title\" content=\"Randonn\u00e9e des cabanes au Porte-Vue - 2026 - Randocabane\" \/>\n<meta property=\"og:description\" content=\"2h00 de randonn\u00e9e pour d\u00e9couvrir le site du belv\u00e9d\u00e8re \u00e0 Ch\u00e2teau-Th\u00e9baud Au d\u00e9part des cabanes, une randonn\u00e9e p\u00e9destre d&#8217;environ 2 heures aller-retour. Itin\u00e9raire facile en longeant la rivi\u00e8re Maine ou ...\" \/>\n<meta property=\"og:url\" content=\"https:\/\/www.randocabane.fr\/index.php\/2026\/03\/14\/randonnee-des-cabanes-au-porte-vue\/\" \/>\n<meta property=\"og:site_name\" content=\"Randocabane\" \/>\n<meta property=\"article:published_time\" content=\"2026-03-14T08:31:45+00:00\" \/>\n<meta property=\"article:modified_time\" content=\"2026-03-14T08:44:53+00:00\" \/>\n<meta property=\"og:image\" content=\"http:\/\/www.randocabane.fr\/wp-content\/uploads\/2026\/03\/porte-vue.jpg\" \/>\n\t<meta property=\"og:image:width\" content=\"1280\" \/>\n\t<meta property=\"og:image:height\" content=\"853\" \/>\n\t<meta property=\"og:image:type\" content=\"image\/jpeg\" \/>\n<meta name=\"author\" content=\"Franck Pasquier\" \/>\n<meta name=\"twitter:card\" content=\"summary_large_image\" \/>\n<meta name=\"twitter:label1\" content=\"\u00c9crit par\" \/>\n\t<meta name=\"twitter:data1\" content=\"Franck Pasquier\" \/>\n\t<meta name=\"twitter:label2\" content=\"Dur\u00e9e de lecture estim\u00e9e\" \/>\n\t<meta name=\"twitter:data2\" content=\"1 minute\" \/>\n<script type=\"application\/ld+json\" class=\"yoast-schema-graph\">{\"@context\":\"https:\/\/schema.org\",\"@graph\":[{\"@type\":\"Article\",\"@id\":\"https:\/\/www.randocabane.fr\/index.php\/2026\/03\/14\/randonnee-des-cabanes-au-porte-vue\/#article\",\"isPartOf\":{\"@id\":\"https:\/\/www.randocabane.fr\/index.php\/2026\/03\/14\/randonnee-des-cabanes-au-porte-vue\/\"},\"author\":{\"name\":\"Franck Pasquier\",\"@id\":\"https:\/\/www.randocabane.fr\/#\/schema\/person\/8a1da96c4e7bcd540ea090592ccb28df\"},\"headline\":\"Randonn\u00e9e des cabanes au Porte-Vue &#8211; 2026\",\"datePublished\":\"2026-03-14T08:31:45+00:00\",\"dateModified\":\"2026-03-14T08:44:53+00:00\",\"mainEntityOfPage\":{\"@id\":\"https:\/\/www.randocabane.fr\/index.php\/2026\/03\/14\/randonnee-des-cabanes-au-porte-vue\/\"},\"wordCount\":102,\"publisher\":{\"@id\":\"https:\/\/www.randocabane.fr\/#organization\"},\"image\":{\"@id\":\"https:\/\/www.randocabane.fr\/index.php\/2026\/03\/14\/randonnee-des-cabanes-au-porte-vue\/#primaryimage\"},\"thumbnailUrl\":\"https:\/\/www.randocabane.fr\/wp-content\/uploads\/2026\/03\/porte-vue.jpg\",\"articleSection\":[\"Actualit\u00e9s\",\"Nouvelles\"],\"inLanguage\":\"fr-FR\"},{\"@type\":\"WebPage\",\"@id\":\"https:\/\/www.randocabane.fr\/index.php\/2026\/03\/14\/randonnee-des-cabanes-au-porte-vue\/\",\"url\":\"https:\/\/www.randocabane.fr\/index.php\/2026\/03\/14\/randonnee-des-cabanes-au-porte-vue\/\",\"name\":\"Randonn\u00e9e des cabanes au Porte-Vue - 2026 - Randocabane\",\"isPartOf\":{\"@id\":\"https:\/\/www.randocabane.fr\/#website\"},\"primaryImageOfPage\":{\"@id\":\"https:\/\/www.randocabane.fr\/index.php\/2026\/03\/14\/randonnee-des-cabanes-au-porte-vue\/#primaryimage\"},\"image\":{\"@id\":\"https:\/\/www.randocabane.fr\/index.php\/2026\/03\/14\/randonnee-des-cabanes-au-porte-vue\/#primaryimage\"},\"thumbnailUrl\":\"https:\/\/www.randocabane.fr\/wp-content\/uploads\/2026\/03\/porte-vue.jpg\",\"datePublished\":\"2026-03-14T08:31:45+00:00\",\"dateModified\":\"2026-03-14T08:44:53+00:00\",\"breadcrumb\":{\"@id\":\"https:\/\/www.randocabane.fr\/index.php\/2026\/03\/14\/randonnee-des-cabanes-au-porte-vue\/#breadcrumb\"},\"inLanguage\":\"fr-FR\",\"potentialAction\":[{\"@type\":\"ReadAction\",\"target\":[\"https:\/\/www.randocabane.fr\/index.php\/2026\/03\/14\/randonnee-des-cabanes-au-porte-vue\/\"]}]},{\"@type\":\"ImageObject\",\"inLanguage\":\"fr-FR\",\"@id\":\"https:\/\/www.randocabane.fr\/index.php\/2026\/03\/14\/randonnee-des-cabanes-au-porte-vue\/#primaryimage\",\"url\":\"https:\/\/www.randocabane.fr\/wp-content\/uploads\/2026\/03\/porte-vue.jpg\",\"contentUrl\":\"https:\/\/www.randocabane.fr\/wp-content\/uploads\/2026\/03\/porte-vue.jpg\",\"width\":1280,\"height\":853,\"caption\":\"Porte-vue au belv\u00e9d\u00e8re de Ch\u00e2teau-Th\u00e9baud\"},{\"@type\":\"BreadcrumbList\",\"@id\":\"https:\/\/www.randocabane.fr\/index.php\/2026\/03\/14\/randonnee-des-cabanes-au-porte-vue\/#breadcrumb\",\"itemListElement\":[{\"@type\":\"ListItem\",\"position\":1,\"name\":\"Accueil\",\"item\":\"https:\/\/www.randocabane.fr\/\"},{\"@type\":\"ListItem\",\"position\":2,\"name\":\"Randonn\u00e9e des cabanes au Porte-Vue &#8211; 2026\"}]},{\"@type\":\"WebSite\",\"@id\":\"https:\/\/www.randocabane.fr\/#website\",\"url\":\"https:\/\/www.randocabane.fr\/\",\"name\":\"Randocabane\",\"description\":\"De cabane en cabane\",\"publisher\":{\"@id\":\"https:\/\/www.randocabane.fr\/#organization\"},\"potentialAction\":[{\"@type\":\"SearchAction\",\"target\":{\"@type\":\"EntryPoint\",\"urlTemplate\":\"https:\/\/www.randocabane.fr\/?s={search_term_string}\"},\"query-input\":{\"@type\":\"PropertyValueSpecification\",\"valueRequired\":true,\"valueName\":\"search_term_string\"}}],\"inLanguage\":\"fr-FR\"},{\"@type\":\"Organization\",\"@id\":\"https:\/\/www.randocabane.fr\/#organization\",\"name\":\"Randocabane\",\"url\":\"https:\/\/www.randocabane.fr\/\",\"logo\":{\"@type\":\"ImageObject\",\"inLanguage\":\"fr-FR\",\"@id\":\"https:\/\/www.randocabane.fr\/#\/schema\/logo\/image\/\",\"url\":\"https:\/\/www.randocabane.fr\/wp-content\/uploads\/2020\/12\/cropped-logo-randocabane-500.jpg\",\"contentUrl\":\"https:\/\/www.randocabane.fr\/wp-content\/uploads\/2020\/12\/cropped-logo-randocabane-500.jpg\",\"width\":500,\"height\":335,\"caption\":\"Randocabane\"},\"image\":{\"@id\":\"https:\/\/www.randocabane.fr\/#\/schema\/logo\/image\/\"}},{\"@type\":\"Person\",\"@id\":\"https:\/\/www.randocabane.fr\/#\/schema\/person\/8a1da96c4e7bcd540ea090592ccb28df\",\"name\":\"Franck Pasquier\",\"image\":{\"@type\":\"ImageObject\",\"inLanguage\":\"fr-FR\",\"@id\":\"https:\/\/www.randocabane.fr\/#\/schema\/person\/image\/\",\"url\":\"https:\/\/secure.gravatar.com\/avatar\/4bcdc1b473ccf0e6a0138ffc175d5ace?s=96&d=mm&r=g\",\"contentUrl\":\"https:\/\/secure.gravatar.com\/avatar\/4bcdc1b473ccf0e6a0138ffc175d5ace?s=96&d=mm&r=g\",\"caption\":\"Franck Pasquier\"},\"url\":\"https:\/\/www.randocabane.fr\/index.php\/author\/fpasquier\/\"}]}<\/script>\n<!-- \/ Yoast SEO plugin. -->","yoast_head_json":{"title":"Randonn\u00e9e des cabanes au Porte-Vue - 2026 - Randocabane","robots":{"index":"index","follow":"follow","max-snippet":"max-snippet:-1","max-image-preview":"max-image-preview:large","max-video-preview":"max-video-preview:-1"},"canonical":"https:\/\/www.randocabane.fr\/index.php\/2026\/03\/14\/randonnee-des-cabanes-au-porte-vue\/","og_locale":"fr_FR","og_type":"article","og_title":"Randonn\u00e9e des cabanes au Porte-Vue - 2026 - Randocabane","og_description":"2h00 de randonn\u00e9e pour d\u00e9couvrir le site du belv\u00e9d\u00e8re \u00e0 Ch\u00e2teau-Th\u00e9baud Au d\u00e9part des cabanes, une randonn\u00e9e p\u00e9destre d&#8217;environ 2 heures aller-retour. Itin\u00e9raire facile en longeant la rivi\u00e8re Maine ou ...","og_url":"https:\/\/www.randocabane.fr\/index.php\/2026\/03\/14\/randonnee-des-cabanes-au-porte-vue\/","og_site_name":"Randocabane","article_published_time":"2026-03-14T08:31:45+00:00","article_modified_time":"2026-03-14T08:44:53+00:00","og_image":[{"width":1280,"height":853,"url":"http:\/\/www.randocabane.fr\/wp-content\/uploads\/2026\/03\/porte-vue.jpg","type":"image\/jpeg"}],"author":"Franck Pasquier","twitter_card":"summary_large_image","twitter_misc":{"\u00c9crit par":"Franck Pasquier","Dur\u00e9e de lecture estim\u00e9e":"1 minute"},"schema":{"@context":"https:\/\/schema.org","@graph":[{"@type":"Article","@id":"https:\/\/www.randocabane.fr\/index.php\/2026\/03\/14\/randonnee-des-cabanes-au-porte-vue\/#article","isPartOf":{"@id":"https:\/\/www.randocabane.fr\/index.php\/2026\/03\/14\/randonnee-des-cabanes-au-porte-vue\/"},"author":{"name":"Franck Pasquier","@id":"https:\/\/www.randocabane.fr\/#\/schema\/person\/8a1da96c4e7bcd540ea090592ccb28df"},"headline":"Randonn\u00e9e des cabanes au Porte-Vue &#8211; 2026","datePublished":"2026-03-14T08:31:45+00:00","dateModified":"2026-03-14T08:44:53+00:00","mainEntityOfPage":{"@id":"https:\/\/www.randocabane.fr\/index.php\/2026\/03\/14\/randonnee-des-cabanes-au-porte-vue\/"},"wordCount":102,"publisher":{"@id":"https:\/\/www.randocabane.fr\/#organization"},"image":{"@id":"https:\/\/www.randocabane.fr\/index.php\/2026\/03\/14\/randonnee-des-cabanes-au-porte-vue\/#primaryimage"},"thumbnailUrl":"https:\/\/www.randocabane.fr\/wp-content\/uploads\/2026\/03\/porte-vue.jpg","articleSection":["Actualit\u00e9s","Nouvelles"],"inLanguage":"fr-FR"},{"@type":"WebPage","@id":"https:\/\/www.randocabane.fr\/index.php\/2026\/03\/14\/randonnee-des-cabanes-au-porte-vue\/","url":"https:\/\/www.randocabane.fr\/index.php\/2026\/03\/14\/randonnee-des-cabanes-au-porte-vue\/","name":"Randonn\u00e9e des cabanes au Porte-Vue - 2026 - Randocabane","isPartOf":{"@id":"https:\/\/www.randocabane.fr\/#website"},"primaryImageOfPage":{"@id":"https:\/\/www.randocabane.fr\/index.php\/2026\/03\/14\/randonnee-des-cabanes-au-porte-vue\/#primaryimage"},"image":{"@id":"https:\/\/www.randocabane.fr\/index.php\/2026\/03\/14\/randonnee-des-cabanes-au-porte-vue\/#primaryimage"},"thumbnailUrl":"https:\/\/www.randocabane.fr\/wp-content\/uploads\/2026\/03\/porte-vue.jpg","datePublished":"2026-03-14T08:31:45+00:00","dateModified":"2026-03-14T08:44:53+00:00","breadcrumb":{"@id":"https:\/\/www.randocabane.fr\/index.php\/2026\/03\/14\/randonnee-des-cabanes-au-porte-vue\/#breadcrumb"},"inLanguage":"fr-FR","potentialAction":[{"@type":"ReadAction","target":["https:\/\/www.randocabane.fr\/index.php\/2026\/03\/14\/randonnee-des-cabanes-au-porte-vue\/"]}]},{"@type":"ImageObject","inLanguage":"fr-FR","@id":"https:\/\/www.randocabane.fr\/index.php\/2026\/03\/14\/randonnee-des-cabanes-au-porte-vue\/#primaryimage","url":"https:\/\/www.randocabane.fr\/wp-content\/uploads\/2026\/03\/porte-vue.jpg","contentUrl":"https:\/\/www.randocabane.fr\/wp-content\/uploads\/2026\/03\/porte-vue.jpg","width":1280,"height":853,"caption":"Porte-vue au belv\u00e9d\u00e8re de Ch\u00e2teau-Th\u00e9baud"},{"@type":"BreadcrumbList","@id":"https:\/\/www.randocabane.fr\/index.php\/2026\/03\/14\/randonnee-des-cabanes-au-porte-vue\/#breadcrumb","itemListElement":[{"@type":"ListItem","position":1,"name":"Accueil","item":"https:\/\/www.randocabane.fr\/"},{"@type":"ListItem","position":2,"name":"Randonn\u00e9e des cabanes au Porte-Vue &#8211; 2026"}]},{"@type":"WebSite","@id":"https:\/\/www.randocabane.fr\/#website","url":"https:\/\/www.randocabane.fr\/","name":"Randocabane","description":"De cabane en cabane","publisher":{"@id":"https:\/\/www.randocabane.fr\/#organization"},"potentialAction":[{"@type":"SearchAction","target":{"@type":"EntryPoint","urlTemplate":"https:\/\/www.randocabane.fr\/?s={search_term_string}"},"query-input":{"@type":"PropertyValueSpecification","valueRequired":true,"valueName":"search_term_string"}}],"inLanguage":"fr-FR"},{"@type":"Organization","@id":"https:\/\/www.randocabane.fr\/#organization","name":"Randocabane","url":"https:\/\/www.randocabane.fr\/","logo":{"@type":"ImageObject","inLanguage":"fr-FR","@id":"https:\/\/www.randocabane.fr\/#\/schema\/logo\/image\/","url":"https:\/\/www.randocabane.fr\/wp-content\/uploads\/2020\/12\/cropped-logo-randocabane-500.jpg","contentUrl":"https:\/\/www.randocabane.fr\/wp-content\/uploads\/2020\/12\/cropped-logo-randocabane-500.jpg","width":500,"height":335,"caption":"Randocabane"},"image":{"@id":"https:\/\/www.randocabane.fr\/#\/schema\/logo\/image\/"}},{"@type":"Person","@id":"https:\/\/www.randocabane.fr\/#\/schema\/person\/8a1da96c4e7bcd540ea090592ccb28df","name":"Franck Pasquier","image":{"@type":"ImageObject","inLanguage":"fr-FR","@id":"https:\/\/www.randocabane.fr\/#\/schema\/person\/image\/","url":"https:\/\/secure.gravatar.com\/avatar\/4bcdc1b473ccf0e6a0138ffc175d5ace?s=96&d=mm&r=g","contentUrl":"https:\/\/secure.gravatar.com\/avatar\/4bcdc1b473ccf0e6a0138ffc175d5ace?s=96&d=mm&r=g","caption":"Franck Pasquier"},"url":"https:\/\/www.randocabane.fr\/index.php\/author\/fpasquier\/"}]}},"_links":{"self":[{"href":"https:\/\/www.randocabane.fr\/index.php\/wp-json\/wp\/v2\/posts\/3473","targetHints":{"allow":["GET"]}}],"collection":[{"href":"https:\/\/www.randocabane.fr\/index.php\/wp-json\/wp\/v2\/posts"}],"about":[{"href":"https:\/\/www.randocabane.fr\/index.php\/wp-json\/wp\/v2\/types\/post"}],"author":[{"embeddable":true,"href":"https:\/\/www.randocabane.fr\/index.php\/wp-json\/wp\/v2\/users\/2"}],"replies":[{"embeddable":true,"href":"https:\/\/www.randocabane.fr\/index.php\/wp-json\/wp\/v2\/comments?post=3473"}],"version-history":[{"count":4,"href":"https:\/\/www.randocabane.fr\/index.php\/wp-json\/wp\/v2\/posts\/3473\/revisions"}],"predecessor-version":[{"id":3479,"href":"https:\/\/www.randocabane.fr\/index.php\/wp-json\/wp\/v2\/posts\/3473\/revisions\/3479"}],"wp:featuredmedia":[{"embeddable":true,"href":"https:\/\/www.randocabane.fr\/index.php\/wp-json\/wp\/v2\/media\/3477"}],"wp:attachment":[{"href":"https:\/\/www.randocabane.fr\/index.php\/wp-json\/wp\/v2\/media?parent=3473"}],"wp:term":[{"taxonomy":"category","embeddable":true,"href":"https:\/\/www.randocabane.fr\/index.php\/wp-json\/wp\/v2\/categories?post=3473"},{"taxonomy":"post_tag","embeddable":true,"href":"https:\/\/www.randocabane.fr\/index.php\/wp-json\/wp\/v2\/tags?post=3473"}],"curies":[{"name":"wp","href":"https:\/\/api.w.org\/{rel}","templated":true}]}}